{"id":2578,"date":"2024-03-20T15:03:26","date_gmt":"2024-03-20T14:03:26","guid":{"rendered":"https:\/\/protape.pl\/?p=2578"},"modified":"2024-12-21T20:00:09","modified_gmt":"2024-12-21T19:00:09","slug":"jak-wyglada-tasma-po-roku-przechowywania","status":"publish","type":"post","link":"https:\/\/protape.pl\/de\/bandspitzen\/wie-das-band-nach-einem-jahr-der-lagerung-aussieht\/","title":{"rendered":"Wie sieht das Band nach einem Jahr der Lagerung aus?"},"content":{"rendered":"<p>Die Lagerung von Verpackungsklebeb\u00e4ndern, insbesondere von bedruckten, erfordert besondere Sorgfalt, um ihre Qualit\u00e4t und Funktionalit\u00e4t zu erhalten. Nach einem Jahr Lagerung k\u00f6nnen verschiedene Faktoren den Zustand der B\u00e4nder beeintr\u00e4chtigen, von physikalischen Ver\u00e4nderungen bis zum Verlust der Klebeeigenschaften.<\/p>\n<h3>Visuelle Ver\u00e4nderungen<\/h3>\n<p>Nach einem Jahr Lagerung k\u00f6nnen Verpackungsklebeb\u00e4nder optische Ver\u00e4nderungen wie Farb- oder Druckverblassung aufweisen. Besonders auff\u00e4llig ist dies bei B\u00e4ndern, die in Bereichen gelagert werden, die dem Sonnenlicht oder wechselnden Temperaturen ausgesetzt sind. Das Verblassen kann die Lesbarkeit von Aufdrucken wie Logos oder Produktinformationen beeintr\u00e4chtigen, was ihren Marketingwert mindern kann.<\/p>\n<h3>Verlust der Klebeeigenschaften<\/h3>\n<p>Der Klebstoff von Verpackungsb\u00e4ndern kann mit der Zeit seine Eigenschaften verlieren. Faktoren wie Temperatur, Luftfeuchtigkeit und die Qualit\u00e4t des Klebstoffs selbst haben einen erheblichen Einfluss darauf, wie gut das Band nach einer langen Lagerzeit noch haftet. Besonders <a href=\"https:\/\/protape.pl\/de\/bedruckte-papierbander\/\">bedrucktes Papierband<\/a>das oft wegen seiner Umweltfreundlichkeit gew\u00e4hlt wird, erfordert geeignete Lagerbedingungen, um seine Klebeeigenschaften und die \u00c4sthetik des Drucks zu erhalten.<\/p>\n<h3>Physische Ver\u00e4nderungen<\/h3>\n<p>Auch das Material, aus dem das Band hergestellt ist, kann sich ver\u00e4ndern. B\u00e4nder aus weniger haltbaren Materialien k\u00f6nnen spr\u00f6de werden und leichter rei\u00dfen. B\u00e4nder aus besseren Materialien, wie PVC oder hochwertigem Polypropylen, behalten ihre physikalischen Eigenschaften l\u00e4nger bei. Aber selbst B\u00e4nder aus den besten Materialien m\u00fcssen bei langfristiger Lagerung regelm\u00e4\u00dfig auf ihre Qualit\u00e4t \u00fcberpr\u00fcft werden.<\/p>\n<h3>Einfluss der Lagerbedingungen<\/h3>\n<p>Die Bedingungen, unter denen die B\u00e4nder gelagert werden, spielen eine entscheidende Rolle f\u00fcr die Erhaltung ihrer Qualit\u00e4t. Die idealen Bedingungen sind eine stabile Temperatur, niedrige Luftfeuchtigkeit und keine direkte Sonneneinstrahlung. B\u00e4nder, die unter ungeeigneten Bedingungen gelagert werden, k\u00f6nnen nicht nur ihre Klebeeigenschaften verlieren, sondern auch eine geringere mechanische Festigkeit aufweisen, was ihre Wirksamkeit bei der Sicherung von Sendungen beeintr\u00e4chtigt.<\/p>\n<h3>Wie sieht das Band nach einer bestimmten Zeit aus?<\/h3>\n<h4>1. visuelle Ver\u00e4nderungen<\/h4>\n<p>Nach einem Jahr Lagerung kann das Verpackungsband einige optische Ver\u00e4nderungen aufweisen. Dies kann sich in einer leichten Verf\u00e4rbung \u00e4u\u00dfern, vor allem wenn das Band dem Sonnenlicht ausgesetzt war. <a href=\"https:\/\/protape.pl\/de\/\">Hersteller von bedruckten B\u00e4ndern<\/a> Die Gew\u00e4hrleistung einer hohen Qualit\u00e4t sollte das Verblassen minimieren, aber unter extremen Bedingungen k\u00f6nnen die Drucke an Klarheit verlieren, was ihre \u00c4sthetik und Marketingfunktionalit\u00e4t beeintr\u00e4chtigt.<\/p>\n<h4>2. Klebeeigenschaften<\/h4>\n<p>Die Klebeeigenschaften des Bandes k\u00f6nnen sich je nach Lagerbedingungen ver\u00e4ndern. Unter idealen Bedingungen, bei Raumtemperatur und ohne direkte Sonneneinstrahlung, sollte das Band seine Klebeeigenschaften beibehalten. Unter extremen Bedingungen, wie z. B. hoher Luftfeuchtigkeit oder extremen Temperaturen, kann der Kleber jedoch an Wirksamkeit verlieren und die F\u00e4higkeit des Bandes, Sendungen angemessen zu sichern, beeintr\u00e4chtigen.<\/p>\n<h4>3. flexibilit\u00e4t und robustheit<\/h4>\n<p>Auch die Elastizit\u00e4t und Festigkeit des Bandes kann beeintr\u00e4chtigt werden. B\u00e4nder, die unter ungeeigneten Bedingungen gelagert werden, k\u00f6nnen spr\u00f6de werden und sich leichter dehnen oder rei\u00dfen. Die Produkte seri\u00f6ser Hersteller sind f\u00fcr den langfristigen Einsatz konzipiert, aber die Lagerung unter ungeeigneten Bedingungen kann ihre Leistung erheblich beeintr\u00e4chtigen.<\/p>\n<h4>4 Lagerung und optimale Bedingungen<\/h4>\n<p>Damit Verpackungsklebeband auch nach einem Jahr Lagerung noch seine Eigenschaften beh\u00e4lt, ist es wichtig, dass es unter optimalen Bedingungen gelagert wird. Das bedeutet, dass extreme Temperaturen, direktes Sonnenlicht und Feuchtigkeit vermieden werden m\u00fcssen. Die idealen Bedingungen sind ein trockener, k\u00fchler Ort, fern von direkten W\u00e4rmequellen. Es ist ratsam, Vape von Herstellern zu verwenden, die genaue Lagerungsrichtlinien f\u00fcr ihre Produkte bereitstellen, damit du das Beste aus ihnen herausholen kannst.<\/p>\n<h2><strong>Schlussfolgerungen<\/strong><\/h2>\n<p><a href=\"https:\/\/protape.pl\/de\/\">Verpackungsband<\/a>Auch nach einem Jahr Lagerung kann es noch brauchbar sein, wenn es unter angemessenen Bedingungen gelagert wurde. Es ist wichtig, seinen Zustand vor der Verwendung zu \u00fcberpr\u00fcfen, vor allem, wenn du ihn f\u00fcr wichtige Sendungen verwenden willst.<\/p>","protected":false},"excerpt":{"rendered":"<p>Die Lagerung von Verpackungsklebeb\u00e4ndern, insbesondere von bedruckten, erfordert besondere Sorgfalt, um ihre Qualit\u00e4t und Funktionalit\u00e4t zu erhalten. Nach einem Jahr Lagerung k\u00f6nnen verschiedene Faktoren den Zustand der B\u00e4nder beeintr\u00e4chtigen, von physischen Ver\u00e4nderungen bis hin zum Verlust der Klebeeigenschaften. Optische Ver\u00e4nderungen Nach einem Jahr Lagerung k\u00f6nnen Verpackungsklebeb\u00e4nder optische Ver\u00e4nderungen wie Farb- oder Druckverblassung aufweisen. Besonders auff\u00e4llig ist dies bei...<\/p>","protected":false},"author":4,"featured_media":2580,"comment_status":"open","ping_status":"open","sticky":false,"template":"","format":"standard","meta":{"_acf_changed":false,"inline_featured_image":false,"_kadence_starter_templates_imported_post":false,"_kad_post_transparent":"default","_kad_post_title":"default","_kad_post_layout":"default","_kad_post_sidebar_id":"","_kad_post_content_style":"default","_kad_post_vertical_padding":"default","_kad_post_feature":"","_kad_post_feature_position":"","_kad_post_header":false,"_kad_post_footer":false,"footnotes":""},"categories":[20],"tags":[53,37,42,41,38,56,43,54],"class_list":["post-2578","post","type-post","status-publish","format-standard","has-post-thumbnail","hentry","category-tasmy-porady","tag-personalizowane-tasmy","tag-tasmy-do-brandingu","tag-tasmy-do-identyfikacji-wizualnej","tag-tasmy-do-marketingu","tag-tasmy-do-opakowan","tag-tasmy-do-opakowan-z-nadrukiem","tag-tasmy-do-oznaczania-produktow","tag-tasmy-do-pakowania-z-nadrukiem"],"acf":[],"yoast_head":"<!-- This site is optimized with the Yoast SEO Premium plugin v20.13 (Yoast SEO v20.13) - https:\/\/yoast.com\/wordpress\/plugins\/seo\/ -->\n<title>Jak wygl\u0105da ta\u015bma po roku przechowywania? - Protape - producent ta\u015bm z nadrukiem - logo - ta\u015bmy samoprzylepne - ta\u015bmy pakowe<\/title>\n<meta name=\"description\" content=\"Po roku przechowywania, r\u00f3\u017cne czynniki mog\u0105 wp\u0142yn\u0105\u0107 na stan ta\u015bm, od zmian fizycznych po utrat\u0119 w\u0142a\u015bciwo\u015bci klej\u0105cych.\" \/>\n<meta name=\"robots\" content=\"index, follow, max-snippet:-1, max-image-preview:large, max-video-preview:-1\" \/>\n<link rel=\"canonical\" href=\"https:\/\/protape.pl\/de\/bandspitzen\/wie-das-band-nach-einem-jahr-der-lagerung-aussieht\/\" \/>\n<meta property=\"og:locale\" content=\"de_DE\" \/>\n<meta property=\"og:type\" content=\"article\" \/>\n<meta property=\"og:title\" content=\"Jak wygl\u0105da ta\u015bma po roku przechowywania? - Protape - producent ta\u015bm z nadrukiem - logo - ta\u015bmy samoprzylepne - ta\u015bmy pakowe\" \/>\n<meta property=\"og:description\" content=\"Po roku przechowywania, r\u00f3\u017cne czynniki mog\u0105 wp\u0142yn\u0105\u0107 na stan ta\u015bm, od zmian fizycznych po utrat\u0119 w\u0142a\u015bciwo\u015bci klej\u0105cych.\" \/>\n<meta property=\"og:url\" content=\"https:\/\/protape.pl\/de\/bandspitzen\/wie-das-band-nach-einem-jahr-der-lagerung-aussieht\/\" \/>\n<meta property=\"og:site_name\" content=\"Protape - producent ta\u015bm z nadrukiem - logo - ta\u015bmy samoprzylepne - ta\u015bmy pakowe\" \/>\n<meta property=\"article:publisher\" content=\"https:\/\/www.facebook.com\/protape.tasmy\/\" \/>\n<meta property=\"article:published_time\" content=\"2024-03-20T14:03:26+00:00\" \/>\n<meta property=\"article:modified_time\" content=\"2024-12-21T19:00:09+00:00\" \/>\n<meta property=\"og:image\" content=\"https:\/\/protape.pl\/wp-content\/uploads\/2024\/03\/przechowywanie-tasmy-pakowej.webp\" \/>\n\t<meta property=\"og:image:width\" content=\"554\" \/>\n\t<meta property=\"og:image:height\" content=\"370\" \/>\n\t<meta property=\"og:image:type\" content=\"image\/webp\" \/>\n<meta name=\"author\" content=\"Redakcja\" \/>\n<meta name=\"twitter:card\" content=\"summary_large_image\" \/>\n<meta name=\"twitter:label1\" content=\"Verfasst von\" \/>\n\t<meta name=\"twitter:data1\" content=\"Redakcja\" \/>\n\t<meta name=\"twitter:label2\" content=\"Gesch\u00e4tzte Lesezeit\" \/>\n\t<meta name=\"twitter:data2\" content=\"3\u00a0Minuten\" \/>\n<script type=\"application\/ld+json\" class=\"yoast-schema-graph\">{\"@context\":\"https:\/\/schema.org\",\"@graph\":[{\"@type\":\"Article\",\"@id\":\"https:\/\/protape.pl\/tasmy-porady\/jak-wyglada-tasma-po-roku-przechowywania\/#article\",\"isPartOf\":{\"@id\":\"https:\/\/protape.pl\/tasmy-porady\/jak-wyglada-tasma-po-roku-przechowywania\/\"},\"author\":{\"name\":\"Redakcja\",\"@id\":\"https:\/\/protape.pl\/#\/schema\/person\/1bdcc190ac7cbff529df8ac05860a819\"},\"headline\":\"Jak wygl\u0105da ta\u015bma po roku przechowywania?\",\"datePublished\":\"2024-03-20T14:03:26+00:00\",\"dateModified\":\"2024-12-21T19:00:09+00:00\",\"mainEntityOfPage\":{\"@id\":\"https:\/\/protape.pl\/tasmy-porady\/jak-wyglada-tasma-po-roku-przechowywania\/\"},\"wordCount\":714,\"commentCount\":0,\"publisher\":{\"@id\":\"https:\/\/protape.pl\/#organization\"},\"keywords\":[\"Personalizowane ta\u015bmy\",\"Ta\u015bmy do brandingu\",\"Ta\u015bmy do identyfikacji wizualnej\",\"Ta\u015bmy do marketingu\",\"Ta\u015bmy do opakowa\u0144\",\"Ta\u015bmy do opakowa\u0144 z nadrukiem\",\"Ta\u015bmy do oznaczania produkt\u00f3w\",\"Ta\u015bmy do pakowania z nadrukiem\"],\"articleSection\":[\"Porady\"],\"inLanguage\":\"de\",\"potentialAction\":[{\"@type\":\"CommentAction\",\"name\":\"Comment\",\"target\":[\"https:\/\/protape.pl\/tasmy-porady\/jak-wyglada-tasma-po-roku-przechowywania\/#respond\"]}]},{\"@type\":\"WebPage\",\"@id\":\"https:\/\/protape.pl\/tasmy-porady\/jak-wyglada-tasma-po-roku-przechowywania\/\",\"url\":\"https:\/\/protape.pl\/tasmy-porady\/jak-wyglada-tasma-po-roku-przechowywania\/\",\"name\":\"Jak wygl\u0105da ta\u015bma po roku przechowywania? - Protape - producent ta\u015bm z nadrukiem - logo - ta\u015bmy samoprzylepne - ta\u015bmy pakowe\",\"isPartOf\":{\"@id\":\"https:\/\/protape.pl\/#website\"},\"datePublished\":\"2024-03-20T14:03:26+00:00\",\"dateModified\":\"2024-12-21T19:00:09+00:00\",\"description\":\"Po roku przechowywania, r\u00f3\u017cne czynniki mog\u0105 wp\u0142yn\u0105\u0107 na stan ta\u015bm, od zmian fizycznych po utrat\u0119 w\u0142a\u015bciwo\u015bci klej\u0105cych.\",\"inLanguage\":\"de\",\"potentialAction\":[{\"@type\":\"ReadAction\",\"target\":[\"https:\/\/protape.pl\/tasmy-porady\/jak-wyglada-tasma-po-roku-przechowywania\/\"]}]},{\"@type\":\"WebSite\",\"@id\":\"https:\/\/protape.pl\/#website\",\"url\":\"https:\/\/protape.pl\/\",\"name\":\"Protape - producent ta\u015bm z nadrukiem - logo - ta\u015bmy samoprzylepne - ta\u015bmy pakowe\",\"description\":\"Najlepsze ta\u015bmy pakowe z nadrukiem\",\"publisher\":{\"@id\":\"https:\/\/protape.pl\/#organization\"},\"alternateName\":\"Protape - ta\u015bmy z nadrukiem\",\"potentialAction\":[{\"@type\":\"SearchAction\",\"target\":{\"@type\":\"EntryPoint\",\"urlTemplate\":\"https:\/\/protape.pl\/?s={search_term_string}\"},\"query-input\":\"required name=search_term_string\"}],\"inLanguage\":\"de\"},{\"@type\":\"Organization\",\"@id\":\"https:\/\/protape.pl\/#organization\",\"name\":\"Protape - ta\u015bmy z nadrukiem\",\"alternateName\":\"Twoje ta\u015bmy z nadrukiem - Protape\",\"url\":\"https:\/\/protape.pl\/\",\"logo\":{\"@type\":\"ImageObject\",\"inLanguage\":\"de\",\"@id\":\"https:\/\/protape.pl\/#\/schema\/logo\/image\/\",\"url\":\"https:\/\/protape.pl\/wp-content\/uploads\/2023\/02\/cropped-logo-protape-2.png\",\"contentUrl\":\"https:\/\/protape.pl\/wp-content\/uploads\/2023\/02\/cropped-logo-protape-2.png\",\"width\":111,\"height\":36,\"caption\":\"Protape - ta\u015bmy z nadrukiem\"},\"image\":{\"@id\":\"https:\/\/protape.pl\/#\/schema\/logo\/image\/\"},\"sameAs\":[\"https:\/\/www.facebook.com\/protape.tasmy\/\",\"https:\/\/www.youtube.com\/@protape_pl\",\"https:\/\/www.tiktok.com\/@protape_pl\",\"https:\/\/www.instagram.com\/protape.tasmy\/\"]},{\"@type\":\"Person\",\"@id\":\"https:\/\/protape.pl\/#\/schema\/person\/1bdcc190ac7cbff529df8ac05860a819\",\"name\":\"Redakcja\",\"image\":{\"@type\":\"ImageObject\",\"inLanguage\":\"de\",\"@id\":\"https:\/\/protape.pl\/#\/schema\/person\/image\/\",\"url\":\"https:\/\/secure.gravatar.com\/avatar\/56ca21bac30118a57ca58e26a410f62d449a4d6f6f6f6e5fef6abb687e228ad5?s=96&d=mm&r=g\",\"contentUrl\":\"https:\/\/secure.gravatar.com\/avatar\/56ca21bac30118a57ca58e26a410f62d449a4d6f6f6f6e5fef6abb687e228ad5?s=96&d=mm&r=g\",\"caption\":\"Redakcja\"},\"url\":\"https:\/\/protape.pl\/de\/author\/admin\/\"}]}<\/script>\n<!-- \/ Yoast SEO Premium plugin. -->","yoast_head_json":{"title":"Jak wygl\u0105da ta\u015bma po roku przechowywania? - Protape - producent ta\u015bm z nadrukiem - logo - ta\u015bmy samoprzylepne - ta\u015bmy pakowe","description":"Po roku przechowywania, r\u00f3\u017cne czynniki mog\u0105 wp\u0142yn\u0105\u0107 na stan ta\u015bm, od zmian fizycznych po utrat\u0119 w\u0142a\u015bciwo\u015bci klej\u0105cych.","robots":{"index":"index","follow":"follow","max-snippet":"max-snippet:-1","max-image-preview":"max-image-preview:large","max-video-preview":"max-video-preview:-1"},"canonical":"https:\/\/protape.pl\/de\/bandspitzen\/wie-das-band-nach-einem-jahr-der-lagerung-aussieht\/","og_locale":"de_DE","og_type":"article","og_title":"Jak wygl\u0105da ta\u015bma po roku przechowywania? - Protape - producent ta\u015bm z nadrukiem - logo - ta\u015bmy samoprzylepne - ta\u015bmy pakowe","og_description":"Po roku przechowywania, r\u00f3\u017cne czynniki mog\u0105 wp\u0142yn\u0105\u0107 na stan ta\u015bm, od zmian fizycznych po utrat\u0119 w\u0142a\u015bciwo\u015bci klej\u0105cych.","og_url":"https:\/\/protape.pl\/de\/bandspitzen\/wie-das-band-nach-einem-jahr-der-lagerung-aussieht\/","og_site_name":"Protape - producent ta\u015bm z nadrukiem - logo - ta\u015bmy samoprzylepne - ta\u015bmy pakowe","article_publisher":"https:\/\/www.facebook.com\/protape.tasmy\/","article_published_time":"2024-03-20T14:03:26+00:00","article_modified_time":"2024-12-21T19:00:09+00:00","og_image":[{"width":554,"height":370,"url":"https:\/\/protape.pl\/wp-content\/uploads\/2024\/03\/przechowywanie-tasmy-pakowej.webp","type":"image\/webp"}],"author":"Redakcja","twitter_card":"summary_large_image","twitter_misc":{"Verfasst von":"Redakcja","Gesch\u00e4tzte Lesezeit":"3\u00a0Minuten"},"schema":{"@context":"https:\/\/schema.org","@graph":[{"@type":"Article","@id":"https:\/\/protape.pl\/tasmy-porady\/jak-wyglada-tasma-po-roku-przechowywania\/#article","isPartOf":{"@id":"https:\/\/protape.pl\/tasmy-porady\/jak-wyglada-tasma-po-roku-przechowywania\/"},"author":{"name":"Redakcja","@id":"https:\/\/protape.pl\/#\/schema\/person\/1bdcc190ac7cbff529df8ac05860a819"},"headline":"Jak wygl\u0105da ta\u015bma po roku przechowywania?","datePublished":"2024-03-20T14:03:26+00:00","dateModified":"2024-12-21T19:00:09+00:00","mainEntityOfPage":{"@id":"https:\/\/protape.pl\/tasmy-porady\/jak-wyglada-tasma-po-roku-przechowywania\/"},"wordCount":714,"commentCount":0,"publisher":{"@id":"https:\/\/protape.pl\/#organization"},"keywords":["Personalizowane ta\u015bmy","Ta\u015bmy do brandingu","Ta\u015bmy do identyfikacji wizualnej","Ta\u015bmy do marketingu","Ta\u015bmy do opakowa\u0144","Ta\u015bmy do opakowa\u0144 z nadrukiem","Ta\u015bmy do oznaczania produkt\u00f3w","Ta\u015bmy do pakowania z nadrukiem"],"articleSection":["Porady"],"inLanguage":"de","potentialAction":[{"@type":"CommentAction","name":"Comment","target":["https:\/\/protape.pl\/tasmy-porady\/jak-wyglada-tasma-po-roku-przechowywania\/#respond"]}]},{"@type":"WebPage","@id":"https:\/\/protape.pl\/tasmy-porady\/jak-wyglada-tasma-po-roku-przechowywania\/","url":"https:\/\/protape.pl\/tasmy-porady\/jak-wyglada-tasma-po-roku-przechowywania\/","name":"Jak wygl\u0105da ta\u015bma po roku przechowywania? - Protape - producent ta\u015bm z nadrukiem - logo - ta\u015bmy samoprzylepne - ta\u015bmy pakowe","isPartOf":{"@id":"https:\/\/protape.pl\/#website"},"datePublished":"2024-03-20T14:03:26+00:00","dateModified":"2024-12-21T19:00:09+00:00","description":"Po roku przechowywania, r\u00f3\u017cne czynniki mog\u0105 wp\u0142yn\u0105\u0107 na stan ta\u015bm, od zmian fizycznych po utrat\u0119 w\u0142a\u015bciwo\u015bci klej\u0105cych.","inLanguage":"de","potentialAction":[{"@type":"ReadAction","target":["https:\/\/protape.pl\/tasmy-porady\/jak-wyglada-tasma-po-roku-przechowywania\/"]}]},{"@type":"WebSite","@id":"https:\/\/protape.pl\/#website","url":"https:\/\/protape.pl\/","name":"Protape - producent ta\u015bm z nadrukiem - logo - ta\u015bmy samoprzylepne - ta\u015bmy pakowe","description":"Najlepsze ta\u015bmy pakowe z nadrukiem","publisher":{"@id":"https:\/\/protape.pl\/#organization"},"alternateName":"Protape - ta\u015bmy z nadrukiem","potentialAction":[{"@type":"SearchAction","target":{"@type":"EntryPoint","urlTemplate":"https:\/\/protape.pl\/?s={search_term_string}"},"query-input":"required name=search_term_string"}],"inLanguage":"de"},{"@type":"Organization","@id":"https:\/\/protape.pl\/#organization","name":"Protape - ta\u015bmy z nadrukiem","alternateName":"Twoje ta\u015bmy z nadrukiem - Protape","url":"https:\/\/protape.pl\/","logo":{"@type":"ImageObject","inLanguage":"de","@id":"https:\/\/protape.pl\/#\/schema\/logo\/image\/","url":"https:\/\/protape.pl\/wp-content\/uploads\/2023\/02\/cropped-logo-protape-2.png","contentUrl":"https:\/\/protape.pl\/wp-content\/uploads\/2023\/02\/cropped-logo-protape-2.png","width":111,"height":36,"caption":"Protape - ta\u015bmy z nadrukiem"},"image":{"@id":"https:\/\/protape.pl\/#\/schema\/logo\/image\/"},"sameAs":["https:\/\/www.facebook.com\/protape.tasmy\/","https:\/\/www.youtube.com\/@protape_pl","https:\/\/www.tiktok.com\/@protape_pl","https:\/\/www.instagram.com\/protape.tasmy\/"]},{"@type":"Person","@id":"https:\/\/protape.pl\/#\/schema\/person\/1bdcc190ac7cbff529df8ac05860a819","name":"Redakcja","image":{"@type":"ImageObject","inLanguage":"de","@id":"https:\/\/protape.pl\/#\/schema\/person\/image\/","url":"https:\/\/secure.gravatar.com\/avatar\/56ca21bac30118a57ca58e26a410f62d449a4d6f6f6f6e5fef6abb687e228ad5?s=96&d=mm&r=g","contentUrl":"https:\/\/secure.gravatar.com\/avatar\/56ca21bac30118a57ca58e26a410f62d449a4d6f6f6f6e5fef6abb687e228ad5?s=96&d=mm&r=g","caption":"Redakcja"},"url":"https:\/\/protape.pl\/de\/author\/admin\/"}]}},"_links":{"self":[{"href":"https:\/\/protape.pl\/de\/wp-json\/wp\/v2\/posts\/2578","targetHints":{"allow":["GET"]}}],"collection":[{"href":"https:\/\/protape.pl\/de\/wp-json\/wp\/v2\/posts"}],"about":[{"href":"https:\/\/protape.pl\/de\/wp-json\/wp\/v2\/types\/post"}],"author":[{"embeddable":true,"href":"https:\/\/protape.pl\/de\/wp-json\/wp\/v2\/users\/4"}],"replies":[{"embeddable":true,"href":"https:\/\/protape.pl\/de\/wp-json\/wp\/v2\/comments?post=2578"}],"version-history":[{"count":4,"href":"https:\/\/protape.pl\/de\/wp-json\/wp\/v2\/posts\/2578\/revisions"}],"predecessor-version":[{"id":3056,"href":"https:\/\/protape.pl\/de\/wp-json\/wp\/v2\/posts\/2578\/revisions\/3056"}],"wp:featuredmedia":[{"embeddable":true,"href":"https:\/\/protape.pl\/de\/wp-json\/wp\/v2\/media\/2580"}],"wp:attachment":[{"href":"https:\/\/protape.pl\/de\/wp-json\/wp\/v2\/media?parent=2578"}],"wp:term":[{"taxonomy":"category","embeddable":true,"href":"https:\/\/protape.pl\/de\/wp-json\/wp\/v2\/categories?post=2578"},{"taxonomy":"post_tag","embeddable":true,"href":"https:\/\/protape.pl\/de\/wp-json\/wp\/v2\/tags?post=2578"}],"curies":[{"name":"wp","href":"https:\/\/api.w.org\/{rel}","templated":true}]}}