{"id":34,"count":28,"description":"","link":"https:\/\/protape.pl\/cs\/tag\/balici-pasky-2\/","name":"Ta\u015bmy do pakowania","slug":"tasmy-do-pakowania","taxonomy":"post_tag","meta":[],"yoast_head":"<!-- This site is optimized with the Yoast SEO Premium plugin v20.13 (Yoast SEO v20.13) - https:\/\/yoast.com\/wordpress\/plugins\/seo\/ -->\n<title>Archiwa Ta\u015bmy do pakowania - Protape - producent ta\u015bm z nadrukiem - logo - ta\u015bmy samoprzylepne - ta\u015bmy pakowe<\/title>\n<meta name=\"robots\" content=\"noindex, follow\" \/>\n<meta property=\"og:locale\" content=\"cs_CZ\" \/>\n<meta property=\"og:type\" content=\"article\" \/>\n<meta property=\"og:title\" content=\"Archiwa Ta\u015bmy do pakowania - Protape - producent ta\u015bm z nadrukiem - logo - ta\u015bmy samoprzylepne - ta\u015bmy pakowe\" \/>\n<meta property=\"og:url\" content=\"https:\/\/protape.pl\/cs\/tag\/tasmy-do-pakowania\/\" \/>\n<meta property=\"og:site_name\" content=\"Protape - producent ta\u015bm z nadrukiem - logo - ta\u015bmy samoprzylepne - ta\u015bmy pakowe\" \/>\n<meta property=\"og:image\" content=\"https:\/\/protape.pl\/wp-content\/uploads\/2023\/11\/DPD.png\" \/>\n\t<meta property=\"og:image:width\" content=\"2000\" \/>\n\t<meta property=\"og:image:height\" content=\"1500\" \/>\n\t<meta property=\"og:image:type\" content=\"image\/png\" \/>\n<meta name=\"twitter:card\" content=\"summary_large_image\" \/>\n<script type=\"application\/ld+json\" class=\"yoast-schema-graph\">{\"@context\":\"https:\/\/schema.org\",\"@graph\":[{\"@type\":\"CollectionPage\",\"@id\":\"https:\/\/protape.pl\/tag\/tasmy-do-pakowania\/\",\"url\":\"https:\/\/protape.pl\/tag\/tasmy-do-pakowania\/\",\"name\":\"Archiwa Ta\u015bmy do pakowania - Protape - producent ta\u015bm z nadrukiem - logo - ta\u015bmy samoprzylepne - ta\u015bmy pakowe\",\"isPartOf\":{\"@id\":\"https:\/\/protape.pl\/#website\"},\"inLanguage\":\"cs\"},{\"@type\":\"WebSite\",\"@id\":\"https:\/\/protape.pl\/#website\",\"url\":\"https:\/\/protape.pl\/\",\"name\":\"Protape - producent ta\u015bm z nadrukiem - logo - ta\u015bmy samoprzylepne - ta\u015bmy pakowe\",\"description\":\"Najlepsze ta\u015bmy pakowe z nadrukiem\",\"publisher\":{\"@id\":\"https:\/\/protape.pl\/#organization\"},\"alternateName\":\"Protape - ta\u015bmy z nadrukiem\",\"potentialAction\":[{\"@type\":\"SearchAction\",\"target\":{\"@type\":\"EntryPoint\",\"urlTemplate\":\"https:\/\/protape.pl\/?s={search_term_string}\"},\"query-input\":\"required name=search_term_string\"}],\"inLanguage\":\"cs\"},{\"@type\":\"Organization\",\"@id\":\"https:\/\/protape.pl\/#organization\",\"name\":\"Protape - ta\u015bmy z nadrukiem\",\"alternateName\":\"Twoje ta\u015bmy z nadrukiem - Protape\",\"url\":\"https:\/\/protape.pl\/\",\"logo\":{\"@type\":\"ImageObject\",\"inLanguage\":\"cs\",\"@id\":\"https:\/\/protape.pl\/#\/schema\/logo\/image\/\",\"url\":\"https:\/\/protape.pl\/wp-content\/uploads\/2023\/02\/cropped-logo-protape-2.png\",\"contentUrl\":\"https:\/\/protape.pl\/wp-content\/uploads\/2023\/02\/cropped-logo-protape-2.png\",\"width\":111,\"height\":36,\"caption\":\"Protape - ta\u015bmy z nadrukiem\"},\"image\":{\"@id\":\"https:\/\/protape.pl\/#\/schema\/logo\/image\/\"},\"sameAs\":[\"https:\/\/www.facebook.com\/protape.tasmy\/\",\"https:\/\/www.youtube.com\/@protape_pl\",\"https:\/\/www.tiktok.com\/@protape_pl\",\"https:\/\/www.instagram.com\/protape.tasmy\/\"]}]}<\/script>\n<!-- \/ Yoast SEO Premium plugin. -->","yoast_head_json":{"title":"Archiwa Ta\u015bmy do pakowania - Protape - producent ta\u015bm z nadrukiem - logo - ta\u015bmy samoprzylepne - ta\u015bmy pakowe","robots":{"index":"noindex","follow":"follow"},"og_locale":"cs_CZ","og_type":"article","og_title":"Archiwa Ta\u015bmy do pakowania - Protape - producent ta\u015bm z nadrukiem - logo - ta\u015bmy samoprzylepne - ta\u015bmy pakowe","og_url":"https:\/\/protape.pl\/cs\/tag\/tasmy-do-pakowania\/","og_site_name":"Protape - producent ta\u015bm z nadrukiem - logo - ta\u015bmy samoprzylepne - ta\u015bmy pakowe","og_image":[{"width":2000,"height":1500,"url":"https:\/\/protape.pl\/wp-content\/uploads\/2023\/11\/DPD.png","type":"image\/png"}],"twitter_card":"summary_large_image","schema":{"@context":"https:\/\/schema.org","@graph":[{"@type":"CollectionPage","@id":"https:\/\/protape.pl\/tag\/tasmy-do-pakowania\/","url":"https:\/\/protape.pl\/tag\/tasmy-do-pakowania\/","name":"Archiwa Ta\u015bmy do pakowania - Protape - producent ta\u015bm z nadrukiem - logo - ta\u015bmy samoprzylepne - ta\u015bmy pakowe","isPartOf":{"@id":"https:\/\/protape.pl\/#website"},"inLanguage":"cs"},{"@type":"WebSite","@id":"https:\/\/protape.pl\/#website","url":"https:\/\/protape.pl\/","name":"Protape - producent ta\u015bm z nadrukiem - logo - ta\u015bmy samoprzylepne - ta\u015bmy pakowe","description":"Najlepsze ta\u015bmy pakowe z nadrukiem","publisher":{"@id":"https:\/\/protape.pl\/#organization"},"alternateName":"Protape - ta\u015bmy z nadrukiem","potentialAction":[{"@type":"SearchAction","target":{"@type":"EntryPoint","urlTemplate":"https:\/\/protape.pl\/?s={search_term_string}"},"query-input":"required name=search_term_string"}],"inLanguage":"cs"},{"@type":"Organization","@id":"https:\/\/protape.pl\/#organization","name":"Protape - ta\u015bmy z nadrukiem","alternateName":"Twoje ta\u015bmy z nadrukiem - Protape","url":"https:\/\/protape.pl\/","logo":{"@type":"ImageObject","inLanguage":"cs","@id":"https:\/\/protape.pl\/#\/schema\/logo\/image\/","url":"https:\/\/protape.pl\/wp-content\/uploads\/2023\/02\/cropped-logo-protape-2.png","contentUrl":"https:\/\/protape.pl\/wp-content\/uploads\/2023\/02\/cropped-logo-protape-2.png","width":111,"height":36,"caption":"Protape - ta\u015bmy z nadrukiem"},"image":{"@id":"https:\/\/protape.pl\/#\/schema\/logo\/image\/"},"sameAs":["https:\/\/www.facebook.com\/protape.tasmy\/","https:\/\/www.youtube.com\/@protape_pl","https:\/\/www.tiktok.com\/@protape_pl","https:\/\/www.instagram.com\/protape.tasmy\/"]}]}},"_links":{"self":[{"href":"https:\/\/protape.pl\/cs\/wp-json\/wp\/v2\/tags\/34","targetHints":{"allow":["GET"]}}],"collection":[{"href":"https:\/\/protape.pl\/cs\/wp-json\/wp\/v2\/tags"}],"about":[{"href":"https:\/\/protape.pl\/cs\/wp-json\/wp\/v2\/taxonomies\/post_tag"}],"wp:post_type":[{"href":"https:\/\/protape.pl\/cs\/wp-json\/wp\/v2\/posts?tags=34"}],"curies":[{"name":"wp","href":"https:\/\/api.w.org\/{rel}","templated":true}]}}