{"id":573,"date":"2023-09-20T15:45:22","date_gmt":"2023-09-20T13:45:22","guid":{"rendered":"https:\/\/protape.pl\/?p=573"},"modified":"2024-12-23T17:00:41","modified_gmt":"2024-12-23T16:00:41","slug":"zastosowania-tasmy-z-nadrukiem","status":"publish","type":"post","link":"https:\/\/protape.pl\/cs\/tipy-na-pasky\/aplikace-potistenych-pasek\/","title":{"rendered":"P\u00e1sky s potiskem - nejlep\u0161\u00ed aplikace"},"content":{"rendered":"<p>Bezpe\u010dnostn\u00ed produkty s potiskem jsou univerz\u00e1ln\u00edm \u0159e\u0161en\u00edm, kter\u00e9 m\u016f\u017ee va\u0161emu podnik\u00e1n\u00ed p\u0159in\u00e9st mnoho v\u00fdhod. Kombinace ochrann\u00e9 funkce s mo\u017enost\u00ed propagace zna\u010dky z nich \u010din\u00ed nepostradateln\u00fd prvek v logistice, marketingu a budov\u00e1n\u00ed profesion\u00e1ln\u00ed image. Zde jsou hlavn\u00ed zp\u016fsoby pou\u017eit\u00ed a v\u00fdhody, kter\u00e9 mohou personalizovan\u00e9 ochrann\u00e9 materi\u00e1ly p\u0159in\u00e9st.<\/p>\r\n<h3 class=\"wp-block-heading\">1. Logistika a zabezpe\u010den\u00ed z\u00e1silek<\/h3>\r\n<p>D\u00edky personalizovan\u00fdm bezpe\u010dnostn\u00edm prvk\u016fm, jako jsou nap\u0159\u00edklad ti\u0161t\u011bn\u00e9 samolepic\u00ed syst\u00e9my, m\u016f\u017eete l\u00e9pe chr\u00e1nit sv\u00e9 z\u00e1silky b\u011bhem p\u0159epravy. To je d\u016fle\u017eit\u00e9 zejm\u00e9na u k\u0159ehk\u00fdch v\u00fdrobk\u016f, kter\u00e9 vy\u017eaduj\u00ed zv\u00fd\u0161enou ochranu. Viditeln\u00fd potisk, nap\u0159\u00edklad varov\u00e1n\u00ed nebo slogany \"K\u0159ehk\u00e9 - pozor\", pom\u00e1h\u00e1 zajistit bezpe\u010dn\u00e9 doru\u010den\u00ed zbo\u017e\u00ed.<\/p>\r\n<p>Jedn\u00edm ze st\u00e1le obl\u00edben\u011bj\u0161\u00edch \u0159e\u0161en\u00ed je <a href=\"https:\/\/protape.pl\/cs\/potistene-papirove-pasky\/\">poti\u0161t\u011bn\u00e1 pap\u00edrov\u00e1 p\u00e1ska<\/a>kter\u00e1 spojuje funk\u010dnost s p\u00e9\u010d\u00ed o \u017eivotn\u00ed prost\u0159ed\u00ed. D\u00edky pou\u017eit\u00ed ekologicky \u0161etrn\u00fdch materi\u00e1l\u016f poskytuj\u00ed tyto v\u00fdrobky nejen odolnou ochranu bal\u00edk\u016f, ale tak\u00e9 zd\u016fraz\u0148uj\u00ed z\u00e1vazek spole\u010dnosti k ochran\u011b \u017eivotn\u00edho prost\u0159ed\u00ed. V\u00fdb\u011brem syst\u00e9m\u016f ochrany poti\u0161t\u011bn\u00e9ho pap\u00edru jsou bal\u00edky esteti\u010dt\u011bj\u0161\u00ed a jejich obsah l\u00e9pe chr\u00e1n\u011bn, co\u017e d\u00e1le zvy\u0161uje spokojenost z\u00e1kazn\u00edk\u016f.<\/p>\r\n<p>Krom\u011b toho tato \u0159e\u0161en\u00ed usnad\u0148uj\u00ed identifikaci obal\u016f ve skladu a b\u011bhem p\u0159epravy. D\u00edky nim jsou v\u00fdrobky nejen l\u00e9pe chr\u00e1n\u011bny, ale tak\u00e9 snadn\u011bji spravov\u00e1ny v logistick\u00e9m procesu, co\u017e m\u00e1 pozitivn\u00ed dopad na kvalitu slu\u017eeb z\u00e1kazn\u00edk\u016fm.<\/p>\r\n<h3>2. propagace zna\u010dky<\/h3>\r\n<p>Ka\u017ed\u00fd obal s viditeln\u00fdmi grafick\u00fdmi prvky se st\u00e1v\u00e1 mobiln\u00ed vizitkou va\u0161\u00ed spole\u010dnosti. Logo, reklamn\u00ed slogan nebo v\u00fdrazn\u00fd design na obalu pom\u00e1haj\u00ed p\u0159irozen\u00fdm zp\u016fsobem zv\u00fd\u0161it rozpoznatelnost zna\u010dky. Bal\u00edky pohybuj\u00edc\u00ed se mezi sklady, kur\u00fdry a z\u00e1kazn\u00edky se st\u00e1vaj\u00ed reklamn\u00edm nosi\u010dem, kter\u00fd je viditeln\u00fd pro mnoho lid\u00ed v ka\u017ed\u00e9 f\u00e1zi cesty.<\/p>\r\n<p>Tento typ \u0159e\u0161en\u00ed je nen\u00e1padn\u00fd, ale \u00fa\u010dinn\u00fd - buduje pov\u011bdom\u00ed o zna\u010dce a zlep\u0161uje jej\u00ed profesion\u00e1ln\u00ed image bez nutnosti dal\u0161\u00edch investic do reklamy.<\/p>\r\n<h3>3 Personalizace jako diferenci\u00e1tor<\/h3>\r\n<p>P\u0159\u00edstup k designu obal\u016f na m\u00edru v\u00e1m umo\u017en\u00ed vytvo\u0159it jedine\u010dn\u00e9 z\u00e1silky, kter\u00e9 upoutaj\u00ed pozornost a odli\u0161\u00ed va\u0161i spole\u010dnost od konkurence. Mo\u017enost um\u00edstit na bezpe\u010dnostn\u00ed materi\u00e1ly va\u0161e logo, kontaktn\u00ed \u00fadaje nebo reklamn\u00ed slogan je nejen praktick\u00e1, ale tak\u00e9 estetick\u00e1.<\/p>\r\n<p><a href=\"https:\/\/protape.pl\/cs\/\">P\u00e1sky s logem<\/a> jsou obzvl\u00e1\u0161t\u011b \u00fa\u010dinn\u00fdm zp\u016fsobem, jak zd\u016fraznit individualitu va\u0161\u00ed zna\u010dky. Um\u00edst\u011bn\u00edm loga na bezpe\u010dnostn\u00ed materi\u00e1ly posilujete pov\u011bdom\u00ed o sv\u00e9 spole\u010dnosti a vytv\u00e1\u0159\u00edte konzistentn\u00ed image, kter\u00e1 je patrn\u00e1 v ka\u017ed\u00e9 f\u00e1zi dod\u00e1vky. Z\u00e1silky tak z\u00edskaj\u00ed profesion\u00e1ln\u00ed n\u00e1dech a p\u0159\u00edjemci si sn\u00e1ze zapamatuj\u00ed va\u0161i zna\u010dku.<\/p>\r\n<p>Personalizace klade d\u016fraz na vztah k z\u00e1kazn\u00edk\u016fm a na pozornost v\u011bnovanou detail\u016fm. P\u0159\u00edjemci ocen\u00ed z\u00e1silky, kter\u00e9 jsou nejen dob\u0159e chr\u00e1n\u011bn\u00e9, ale tak\u00e9 vizu\u00e1ln\u011b p\u0159ita\u017eliv\u00e9, co\u017e se prom\u00edt\u00e1 do jejich loajality a pozitivn\u00ed zp\u011btn\u00e9 vazby o spole\u010dnosti. Personalizovan\u00e9 ochrann\u00e9 materi\u00e1ly se tak st\u00e1vaj\u00ed nejen funk\u010dn\u00edm prvkem obalu, ale tak\u00e9 \u00fa\u010dinn\u00fdm marketingov\u00fdm n\u00e1strojem.<\/p>\r\n<h3>4. dodate\u010dn\u00e1 ochrana v\u00fdrobku<\/h3>\r\n<p>V p\u0159\u00edpad\u011b zbo\u017e\u00ed vy\u017eaduj\u00edc\u00edho zvl\u00e1\u0161tn\u00ed p\u00e9\u010di maj\u00ed ti\u0161t\u011bn\u00e9 ochrann\u00e9 p\u0159edm\u011bty tak\u00e9 informativn\u00ed \u00falohu. Varov\u00e1n\u00ed a pokyny pro manipulaci mohou sn\u00ed\u017eit riziko po\u0161kozen\u00ed zbo\u017e\u00ed b\u011bhem p\u0159epravy.<\/p>\r\n<p>Takov\u00e1 \u0159e\u0161en\u00ed nejen zvy\u0161uj\u00ed bezpe\u010dnost z\u00e1silek, ale tak\u00e9 pom\u00e1haj\u00ed p\u0159edch\u00e1zet reklamac\u00edm a souvisej\u00edc\u00edm n\u00e1klad\u016fm. Jedn\u00e1 se o investici do kvality slu\u017eeb, kter\u00e1 buduje d\u016fv\u011bru z\u00e1kazn\u00edk\u016f a posiluje pozici spole\u010dnosti na trhu.<\/p>\r\n<h3>5. uzn\u00e1n\u00ed na akc\u00edch a propaga\u010dn\u00edch akc\u00edch<\/h3>\r\n<p>Personalizovan\u00e9 ochrann\u00e9 materi\u00e1ly jsou ide\u00e1ln\u00ed pro pr\u016fmyslov\u00e9 akce, jako jsou veletrhy, konference nebo prezentace v\u00fdrobk\u016f. Lze je pou\u017e\u00edt k ozna\u010den\u00ed st\u00e1nk\u016f, vytvo\u0159en\u00ed propaga\u010dn\u00edch obal\u016f nebo jako dekorativn\u00ed prvek, kter\u00fd \u00fa\u010dinn\u011b upout\u00e1 pozornost \u00fa\u010dastn\u00edk\u016f. Toto \u0159e\u0161en\u00ed umo\u017e\u0148uje spole\u010dnosti vyniknout a zanechat v n\u00e1v\u0161t\u011bvn\u00edc\u00edch trval\u00fd dojem.<\/p>\r\n<p>b\u011bhem speci\u00e1ln\u00edch marketingov\u00fdch kampan\u00ed, jako jsou sv\u00e1tky, v\u00fdro\u010d\u00ed spole\u010dnosti nebo speci\u00e1ln\u00ed propaga\u010dn\u00ed akce, <a href=\"https:\/\/protape.pl\/cs\/\">poti\u0161t\u011bn\u00e1 balic\u00ed p\u00e1ska<\/a> m\u016f\u017ee p\u016fsobit jako jedine\u010dn\u00fd akcent, kter\u00fd obohat\u00ed nab\u00eddku. Pou\u017eit\u00ed personalizovan\u00fdch ochrann\u00fdch syst\u00e9m\u016f u limitovan\u00fdch edic v\u00fdrobk\u016f nebo p\u0159i expedici speci\u00e1ln\u00edch objedn\u00e1vek pom\u00e1h\u00e1 zd\u016fraznit profesionalitu a smysl pro detail. Viditeln\u00e9 logo nebo propaga\u010dn\u00ed slogan se st\u00e1vaj\u00ed dal\u0161\u00edm marketingov\u00fdm prost\u0159edkem, kter\u00fd posiluje image zna\u010dky.<\/p>\r\n<p>D\u00edky t\u011bmto \u0159e\u0161en\u00edm m\u016f\u017eete zv\u00fd\u0161it anga\u017eovanost z\u00e1kazn\u00edk\u016f, budovat pozitivn\u00ed asociace se svou spole\u010dnost\u00ed a \u00fa\u010dinn\u011b se odli\u0161it od konkurence, a to jak v ka\u017edodenn\u00edm provozu, tak p\u0159i speci\u00e1ln\u00edch akc\u00edch.<\/p>\r\n<h3>Spolupr\u00e1ce s dodavatelem<\/h3>\r\n<p>Chcete-li pln\u011b vyu\u017e\u00edt potenci\u00e1l personalizovan\u00fdch ochrann\u00fdch materi\u00e1l\u016f, vyplat\u00ed se zvolit osv\u011bd\u010den\u00e9ho v\u00fdrobce. Spolupr\u00e1ce se zku\u0161en\u00fdm dodavatelem zaru\u010duje vysokou kvalitu v\u00fdrobk\u016f, trvanlivost potisk\u016f a mo\u017enost p\u0159izp\u016fsobit design specifick\u00fdm pot\u0159eb\u00e1m va\u0161\u00ed spole\u010dnosti. Profesion\u00e1ln\u00ed partner v\u00e1m pom\u016f\u017ee s v\u00fdb\u011brem spr\u00e1vn\u00fdch \u0159e\u0161en\u00ed a zajist\u00ed bezprobl\u00e9movou realizaci objedn\u00e1vek, co\u017e v\u00e1m umo\u017en\u00ed jejich rychl\u00e9 zaveden\u00ed do ka\u017edodenn\u00ed \u010dinnosti.<\/p>\r\n<h3>Souhrn<\/h3>\r\n<p>Personalizovan\u00e9 ochrann\u00e9 materi\u00e1ly jsou nejen funk\u010dn\u00edm \u0159e\u0161en\u00edm, ale tak\u00e9 n\u00e1strojem podpory propagace a firemn\u00ed image. Spr\u00e1vn\u011b navr\u017een\u00e9 v\u00fdrobky mohou p\u0159isp\u011bt ke zv\u00fd\u0161en\u00ed rozpoznatelnosti zna\u010dky, zlep\u0161en\u00ed logistiky a spokojenosti z\u00e1kazn\u00edk\u016f. Investice do takov\u00fdch \u0159e\u0161en\u00ed je krokem k profesionalit\u011b a budov\u00e1n\u00ed konkuren\u010dn\u00ed v\u00fdhody na trhu.<\/p>\r\n\r\n\r\n\r\n<figure class=\"wp-block-image size-large is-style-default\"><img fetchpriority=\"high\" decoding=\"async\" width=\"1024\" height=\"683\" class=\"wp-image-578\" src=\"https:\/\/protape.pl\/wp-content\/uploads\/2023\/09\/tasmy-pakowe-z-logo-1-1024x683.jpg\" alt=\"balic\u00ed p\u00e1ska s logem\" srcset=\"https:\/\/protape.pl\/wp-content\/uploads\/2023\/09\/tasmy-pakowe-z-logo-1-1024x683.jpg 1024w, https:\/\/protape.pl\/wp-content\/uploads\/2023\/09\/tasmy-pakowe-z-logo-1-scaled-1000x667.jpg 1000w, https:\/\/protape.pl\/wp-content\/uploads\/2023\/09\/tasmy-pakowe-z-logo-1-300x200.jpg 300w, https:\/\/protape.pl\/wp-content\/uploads\/2023\/09\/tasmy-pakowe-z-logo-1-768x513.jpg 768w, https:\/\/protape.pl\/wp-content\/uploads\/2023\/09\/tasmy-pakowe-z-logo-1-1536x1025.jpg 1536w, https:\/\/protape.pl\/wp-content\/uploads\/2023\/09\/tasmy-pakowe-z-logo-1-scaled-700x467.jpg 700w\" sizes=\"(max-width: 1024px) 100vw, 1024px\" \/><\/figure>\r\n\r\n\r\n\r\n<div class=\"wp-block-yoast-seo-table-of-contents yoast-table-of-contents\">\r\n<h2>Obsah<\/h2>\r\n<ul>\r\n<li><a href=\"#h-podsumowanie\" data-level=\"3\">Souhrn<\/a><\/li>\r\n<\/ul>\r\n<\/div>","protected":false},"excerpt":{"rendered":"<p>Bezpe\u010dnostn\u00ed produkty s potiskem jsou univerz\u00e1ln\u00edm \u0159e\u0161en\u00edm, kter\u00e9 m\u016f\u017ee va\u0161emu podnik\u00e1n\u00ed p\u0159in\u00e9st mnoho v\u00fdhod. Kombinace ochrann\u00e9 funkce s mo\u017enost\u00ed propagace zna\u010dky z nich \u010din\u00ed nepostradateln\u00fd prvek v logistice, marketingu a budov\u00e1n\u00ed profesion\u00e1ln\u00ed image. Zde jsou uvedeny hlavn\u00ed aplikace a v\u00fdhody, kter\u00e9 mohou personalizovan\u00e9 ochrann\u00e9 materi\u00e1ly p\u0159in\u00e9st. 1. Logistika a ochrana z\u00e1silek S personalizovan\u00fdmi ochrann\u00fdmi p\u0159edm\u011bty m\u016f\u017eete...<\/p>","protected":false},"author":4,"featured_media":578,"comment_status":"open","ping_status":"open","sticky":false,"template":"","format":"standard","meta":{"_acf_changed":false,"inline_featured_image":false,"_kadence_starter_templates_imported_post":false,"_kad_post_transparent":"default","_kad_post_title":"default","_kad_post_layout":"default","_kad_post_sidebar_id":"","_kad_post_content_style":"default","_kad_post_vertical_padding":"default","_kad_post_feature":"","_kad_post_feature_position":"","_kad_post_header":false,"_kad_post_footer":false,"footnotes":""},"categories":[20],"tags":[],"class_list":["post-573","post","type-post","status-publish","format-standard","has-post-thumbnail","hentry","category-tasmy-porady"],"acf":[],"yoast_head":"<!-- This site is optimized with the Yoast SEO Premium plugin v20.13 (Yoast SEO v20.13) - https:\/\/yoast.com\/wordpress\/plugins\/seo\/ -->\n<title>Ta\u015bmy z nadrukiem - najlepsze zastosowania - Protape - producent ta\u015bm z nadrukiem - logo - ta\u015bmy samoprzylepne - ta\u015bmy pakowe<\/title>\n<meta name=\"description\" content=\"Odkryj najwa\u017cniejsze zastosowania ta\u015bm pakowych z nadrukiem. Dowiedz si\u0119, jak mog\u0105 pom\u00f3c w logistyce, promocji i opakowaniach.\" \/>\n<meta name=\"robots\" content=\"index, follow, max-snippet:-1, max-image-preview:large, max-video-preview:-1\" \/>\n<link rel=\"canonical\" href=\"https:\/\/protape.pl\/cs\/tipy-na-pasky\/aplikace-potistenych-pasek\/\" \/>\n<meta property=\"og:locale\" content=\"cs_CZ\" \/>\n<meta property=\"og:type\" content=\"article\" \/>\n<meta property=\"og:title\" content=\"Ta\u015bmy z nadrukiem - najlepsze zastosowania - Protape - producent ta\u015bm z nadrukiem - logo - ta\u015bmy samoprzylepne - ta\u015bmy pakowe\" \/>\n<meta property=\"og:description\" content=\"Odkryj najwa\u017cniejsze zastosowania ta\u015bm pakowych z nadrukiem. Dowiedz si\u0119, jak mog\u0105 pom\u00f3c w logistyce, promocji i opakowaniach.\" \/>\n<meta property=\"og:url\" content=\"https:\/\/protape.pl\/cs\/tipy-na-pasky\/aplikace-potistenych-pasek\/\" \/>\n<meta property=\"og:site_name\" content=\"Protape - producent ta\u015bm z nadrukiem - logo - ta\u015bmy samoprzylepne - ta\u015bmy pakowe\" \/>\n<meta property=\"article:publisher\" content=\"https:\/\/www.facebook.com\/protape.tasmy\/\" \/>\n<meta property=\"article:published_time\" content=\"2023-09-20T13:45:22+00:00\" \/>\n<meta property=\"article:modified_time\" content=\"2024-12-23T16:00:41+00:00\" \/>\n<meta property=\"og:image\" content=\"https:\/\/protape.pl\/wp-content\/uploads\/2023\/09\/tasmy-pakowe-z-logo-1-scaled.jpg\" \/>\n\t<meta property=\"og:image:width\" content=\"2560\" \/>\n\t<meta property=\"og:image:height\" content=\"1708\" \/>\n\t<meta property=\"og:image:type\" content=\"image\/jpeg\" \/>\n<meta name=\"author\" content=\"Redakcja\" \/>\n<meta name=\"twitter:card\" content=\"summary_large_image\" \/>\n<meta name=\"twitter:label1\" content=\"Napsal(a)\" \/>\n\t<meta name=\"twitter:data1\" content=\"Redakcja\" \/>\n\t<meta name=\"twitter:label2\" content=\"Odhadovan\u00e1 doba \u010dten\u00ed\" \/>\n\t<meta name=\"twitter:data2\" content=\"5 minut\" \/>\n<script type=\"application\/ld+json\" class=\"yoast-schema-graph\">{\"@context\":\"https:\/\/schema.org\",\"@graph\":[{\"@type\":\"Article\",\"@id\":\"https:\/\/protape.pl\/tasmy-porady\/zastosowania-tasmy-z-nadrukiem\/#article\",\"isPartOf\":{\"@id\":\"https:\/\/protape.pl\/tasmy-porady\/zastosowania-tasmy-z-nadrukiem\/\"},\"author\":{\"name\":\"Redakcja\",\"@id\":\"https:\/\/protape.pl\/#\/schema\/person\/1bdcc190ac7cbff529df8ac05860a819\"},\"headline\":\"Ta\u015bmy z nadrukiem &#8211; najlepsze zastosowania\",\"datePublished\":\"2023-09-20T13:45:22+00:00\",\"dateModified\":\"2024-12-23T16:00:41+00:00\",\"mainEntityOfPage\":{\"@id\":\"https:\/\/protape.pl\/tasmy-porady\/zastosowania-tasmy-z-nadrukiem\/\"},\"wordCount\":890,\"commentCount\":0,\"publisher\":{\"@id\":\"https:\/\/protape.pl\/#organization\"},\"articleSection\":[\"Porady\"],\"inLanguage\":\"cs\",\"potentialAction\":[{\"@type\":\"CommentAction\",\"name\":\"Comment\",\"target\":[\"https:\/\/protape.pl\/tasmy-porady\/zastosowania-tasmy-z-nadrukiem\/#respond\"]}],\"accessibilityFeature\":[\"tableOfContents\"]},{\"@type\":\"WebPage\",\"@id\":\"https:\/\/protape.pl\/tasmy-porady\/zastosowania-tasmy-z-nadrukiem\/\",\"url\":\"https:\/\/protape.pl\/tasmy-porady\/zastosowania-tasmy-z-nadrukiem\/\",\"name\":\"Ta\u015bmy z nadrukiem - najlepsze zastosowania - Protape - producent ta\u015bm z nadrukiem - logo - ta\u015bmy samoprzylepne - ta\u015bmy pakowe\",\"isPartOf\":{\"@id\":\"https:\/\/protape.pl\/#website\"},\"datePublished\":\"2023-09-20T13:45:22+00:00\",\"dateModified\":\"2024-12-23T16:00:41+00:00\",\"description\":\"Odkryj najwa\u017cniejsze zastosowania ta\u015bm pakowych z nadrukiem. Dowiedz si\u0119, jak mog\u0105 pom\u00f3c w logistyce, promocji i opakowaniach.\",\"inLanguage\":\"cs\",\"potentialAction\":[{\"@type\":\"ReadAction\",\"target\":[\"https:\/\/protape.pl\/tasmy-porady\/zastosowania-tasmy-z-nadrukiem\/\"]}]},{\"@type\":\"WebSite\",\"@id\":\"https:\/\/protape.pl\/#website\",\"url\":\"https:\/\/protape.pl\/\",\"name\":\"Protape - producent ta\u015bm z nadrukiem - logo - ta\u015bmy samoprzylepne - ta\u015bmy pakowe\",\"description\":\"Najlepsze ta\u015bmy pakowe z nadrukiem\",\"publisher\":{\"@id\":\"https:\/\/protape.pl\/#organization\"},\"alternateName\":\"Protape - ta\u015bmy z nadrukiem\",\"potentialAction\":[{\"@type\":\"SearchAction\",\"target\":{\"@type\":\"EntryPoint\",\"urlTemplate\":\"https:\/\/protape.pl\/?s={search_term_string}\"},\"query-input\":\"required name=search_term_string\"}],\"inLanguage\":\"cs\"},{\"@type\":\"Organization\",\"@id\":\"https:\/\/protape.pl\/#organization\",\"name\":\"Protape - ta\u015bmy z nadrukiem\",\"alternateName\":\"Twoje ta\u015bmy z nadrukiem - Protape\",\"url\":\"https:\/\/protape.pl\/\",\"logo\":{\"@type\":\"ImageObject\",\"inLanguage\":\"cs\",\"@id\":\"https:\/\/protape.pl\/#\/schema\/logo\/image\/\",\"url\":\"https:\/\/protape.pl\/wp-content\/uploads\/2023\/02\/cropped-logo-protape-2.png\",\"contentUrl\":\"https:\/\/protape.pl\/wp-content\/uploads\/2023\/02\/cropped-logo-protape-2.png\",\"width\":111,\"height\":36,\"caption\":\"Protape - ta\u015bmy z nadrukiem\"},\"image\":{\"@id\":\"https:\/\/protape.pl\/#\/schema\/logo\/image\/\"},\"sameAs\":[\"https:\/\/www.facebook.com\/protape.tasmy\/\",\"https:\/\/www.youtube.com\/@protape_pl\",\"https:\/\/www.tiktok.com\/@protape_pl\",\"https:\/\/www.instagram.com\/protape.tasmy\/\"]},{\"@type\":\"Person\",\"@id\":\"https:\/\/protape.pl\/#\/schema\/person\/1bdcc190ac7cbff529df8ac05860a819\",\"name\":\"Redakcja\",\"image\":{\"@type\":\"ImageObject\",\"inLanguage\":\"cs\",\"@id\":\"https:\/\/protape.pl\/#\/schema\/person\/image\/\",\"url\":\"https:\/\/secure.gravatar.com\/avatar\/56ca21bac30118a57ca58e26a410f62d449a4d6f6f6f6e5fef6abb687e228ad5?s=96&d=mm&r=g\",\"contentUrl\":\"https:\/\/secure.gravatar.com\/avatar\/56ca21bac30118a57ca58e26a410f62d449a4d6f6f6f6e5fef6abb687e228ad5?s=96&d=mm&r=g\",\"caption\":\"Redakcja\"},\"url\":\"https:\/\/protape.pl\/cs\/author\/admin\/\"}]}<\/script>\n<!-- \/ Yoast SEO Premium plugin. -->","yoast_head_json":{"title":"Ta\u015bmy z nadrukiem - najlepsze zastosowania - Protape - producent ta\u015bm z nadrukiem - logo - ta\u015bmy samoprzylepne - ta\u015bmy pakowe","description":"Odkryj najwa\u017cniejsze zastosowania ta\u015bm pakowych z nadrukiem. Dowiedz si\u0119, jak mog\u0105 pom\u00f3c w logistyce, promocji i opakowaniach.","robots":{"index":"index","follow":"follow","max-snippet":"max-snippet:-1","max-image-preview":"max-image-preview:large","max-video-preview":"max-video-preview:-1"},"canonical":"https:\/\/protape.pl\/cs\/tipy-na-pasky\/aplikace-potistenych-pasek\/","og_locale":"cs_CZ","og_type":"article","og_title":"Ta\u015bmy z nadrukiem - najlepsze zastosowania - Protape - producent ta\u015bm z nadrukiem - logo - ta\u015bmy samoprzylepne - ta\u015bmy pakowe","og_description":"Odkryj najwa\u017cniejsze zastosowania ta\u015bm pakowych z nadrukiem. Dowiedz si\u0119, jak mog\u0105 pom\u00f3c w logistyce, promocji i opakowaniach.","og_url":"https:\/\/protape.pl\/cs\/tipy-na-pasky\/aplikace-potistenych-pasek\/","og_site_name":"Protape - producent ta\u015bm z nadrukiem - logo - ta\u015bmy samoprzylepne - ta\u015bmy pakowe","article_publisher":"https:\/\/www.facebook.com\/protape.tasmy\/","article_published_time":"2023-09-20T13:45:22+00:00","article_modified_time":"2024-12-23T16:00:41+00:00","og_image":[{"width":2560,"height":1708,"url":"https:\/\/protape.pl\/wp-content\/uploads\/2023\/09\/tasmy-pakowe-z-logo-1-scaled.jpg","type":"image\/jpeg"}],"author":"Redakcja","twitter_card":"summary_large_image","twitter_misc":{"Napsal(a)":"Redakcja","Odhadovan\u00e1 doba \u010dten\u00ed":"5 minut"},"schema":{"@context":"https:\/\/schema.org","@graph":[{"@type":"Article","@id":"https:\/\/protape.pl\/tasmy-porady\/zastosowania-tasmy-z-nadrukiem\/#article","isPartOf":{"@id":"https:\/\/protape.pl\/tasmy-porady\/zastosowania-tasmy-z-nadrukiem\/"},"author":{"name":"Redakcja","@id":"https:\/\/protape.pl\/#\/schema\/person\/1bdcc190ac7cbff529df8ac05860a819"},"headline":"Ta\u015bmy z nadrukiem &#8211; najlepsze zastosowania","datePublished":"2023-09-20T13:45:22+00:00","dateModified":"2024-12-23T16:00:41+00:00","mainEntityOfPage":{"@id":"https:\/\/protape.pl\/tasmy-porady\/zastosowania-tasmy-z-nadrukiem\/"},"wordCount":890,"commentCount":0,"publisher":{"@id":"https:\/\/protape.pl\/#organization"},"articleSection":["Porady"],"inLanguage":"cs","potentialAction":[{"@type":"CommentAction","name":"Comment","target":["https:\/\/protape.pl\/tasmy-porady\/zastosowania-tasmy-z-nadrukiem\/#respond"]}],"accessibilityFeature":["tableOfContents"]},{"@type":"WebPage","@id":"https:\/\/protape.pl\/tasmy-porady\/zastosowania-tasmy-z-nadrukiem\/","url":"https:\/\/protape.pl\/tasmy-porady\/zastosowania-tasmy-z-nadrukiem\/","name":"Ta\u015bmy z nadrukiem - najlepsze zastosowania - Protape - producent ta\u015bm z nadrukiem - logo - ta\u015bmy samoprzylepne - ta\u015bmy pakowe","isPartOf":{"@id":"https:\/\/protape.pl\/#website"},"datePublished":"2023-09-20T13:45:22+00:00","dateModified":"2024-12-23T16:00:41+00:00","description":"Odkryj najwa\u017cniejsze zastosowania ta\u015bm pakowych z nadrukiem. Dowiedz si\u0119, jak mog\u0105 pom\u00f3c w logistyce, promocji i opakowaniach.","inLanguage":"cs","potentialAction":[{"@type":"ReadAction","target":["https:\/\/protape.pl\/tasmy-porady\/zastosowania-tasmy-z-nadrukiem\/"]}]},{"@type":"WebSite","@id":"https:\/\/protape.pl\/#website","url":"https:\/\/protape.pl\/","name":"Protape - producent ta\u015bm z nadrukiem - logo - ta\u015bmy samoprzylepne - ta\u015bmy pakowe","description":"Najlepsze ta\u015bmy pakowe z nadrukiem","publisher":{"@id":"https:\/\/protape.pl\/#organization"},"alternateName":"Protape - ta\u015bmy z nadrukiem","potentialAction":[{"@type":"SearchAction","target":{"@type":"EntryPoint","urlTemplate":"https:\/\/protape.pl\/?s={search_term_string}"},"query-input":"required name=search_term_string"}],"inLanguage":"cs"},{"@type":"Organization","@id":"https:\/\/protape.pl\/#organization","name":"Protape - ta\u015bmy z nadrukiem","alternateName":"Twoje ta\u015bmy z nadrukiem - Protape","url":"https:\/\/protape.pl\/","logo":{"@type":"ImageObject","inLanguage":"cs","@id":"https:\/\/protape.pl\/#\/schema\/logo\/image\/","url":"https:\/\/protape.pl\/wp-content\/uploads\/2023\/02\/cropped-logo-protape-2.png","contentUrl":"https:\/\/protape.pl\/wp-content\/uploads\/2023\/02\/cropped-logo-protape-2.png","width":111,"height":36,"caption":"Protape - ta\u015bmy z nadrukiem"},"image":{"@id":"https:\/\/protape.pl\/#\/schema\/logo\/image\/"},"sameAs":["https:\/\/www.facebook.com\/protape.tasmy\/","https:\/\/www.youtube.com\/@protape_pl","https:\/\/www.tiktok.com\/@protape_pl","https:\/\/www.instagram.com\/protape.tasmy\/"]},{"@type":"Person","@id":"https:\/\/protape.pl\/#\/schema\/person\/1bdcc190ac7cbff529df8ac05860a819","name":"Redakcja","image":{"@type":"ImageObject","inLanguage":"cs","@id":"https:\/\/protape.pl\/#\/schema\/person\/image\/","url":"https:\/\/secure.gravatar.com\/avatar\/56ca21bac30118a57ca58e26a410f62d449a4d6f6f6f6e5fef6abb687e228ad5?s=96&d=mm&r=g","contentUrl":"https:\/\/secure.gravatar.com\/avatar\/56ca21bac30118a57ca58e26a410f62d449a4d6f6f6f6e5fef6abb687e228ad5?s=96&d=mm&r=g","caption":"Redakcja"},"url":"https:\/\/protape.pl\/cs\/author\/admin\/"}]}},"_links":{"self":[{"href":"https:\/\/protape.pl\/cs\/wp-json\/wp\/v2\/posts\/573","targetHints":{"allow":["GET"]}}],"collection":[{"href":"https:\/\/protape.pl\/cs\/wp-json\/wp\/v2\/posts"}],"about":[{"href":"https:\/\/protape.pl\/cs\/wp-json\/wp\/v2\/types\/post"}],"author":[{"embeddable":true,"href":"https:\/\/protape.pl\/cs\/wp-json\/wp\/v2\/users\/4"}],"replies":[{"embeddable":true,"href":"https:\/\/protape.pl\/cs\/wp-json\/wp\/v2\/comments?post=573"}],"version-history":[{"count":7,"href":"https:\/\/protape.pl\/cs\/wp-json\/wp\/v2\/posts\/573\/revisions"}],"predecessor-version":[{"id":3110,"href":"https:\/\/protape.pl\/cs\/wp-json\/wp\/v2\/posts\/573\/revisions\/3110"}],"wp:featuredmedia":[{"embeddable":true,"href":"https:\/\/protape.pl\/cs\/wp-json\/wp\/v2\/media\/578"}],"wp:attachment":[{"href":"https:\/\/protape.pl\/cs\/wp-json\/wp\/v2\/media?parent=573"}],"wp:term":[{"taxonomy":"category","embeddable":true,"href":"https:\/\/protape.pl\/cs\/wp-json\/wp\/v2\/categories?post=573"},{"taxonomy":"post_tag","embeddable":true,"href":"https:\/\/protape.pl\/cs\/wp-json\/wp\/v2\/tags?post=573"}],"curies":[{"name":"wp","href":"https:\/\/api.w.org\/{rel}","templated":true}]}}