{"id":2946,"date":"2024-10-10T17:46:51","date_gmt":"2024-10-10T15:46:51","guid":{"rendered":"https:\/\/protape.pl\/?p=2946"},"modified":"2024-12-21T12:34:09","modified_gmt":"2024-12-21T11:34:09","slug":"jaka-tasma-pakowa-najlepsza-rekomendacje-dla-firm-i-domu","status":"publish","type":"post","link":"https:\/\/protape.pl\/cs\/tipy-na-pasky\/jaka-je-nejlepsi-doporucena-balici-paska-pro-firmy-a-domacnosti\/","title":{"rendered":"Kter\u00e1 balic\u00ed p\u00e1ska je nejlep\u0161\u00ed? Doporu\u010den\u00ed pro firmy a dom\u00e1cnosti"},"content":{"rendered":"<p>Ka\u017ed\u00fd, kdo se zab\u00fdv\u00e1 balen\u00edm z\u00e1silek, v\u00ed, jak d\u016fle\u017eit\u00e9 je spr\u00e1vn\u00e9 zabezpe\u010den\u00ed z\u00e1silky. V\u00fdb\u011br spr\u00e1vn\u00e9ho typu lepic\u00edho materi\u00e1lu m\u00e1 vliv nejen na ochranu obsahu, ale tak\u00e9 na jeho estetiku a bezpe\u010dnost p\u0159i p\u0159eprav\u011b. Rozmanitost dostupn\u00fdch mo\u017enost\u00ed v\u0161ak m\u016f\u017ee p\u0159edstavovat v\u00fdzvu. V tomto \u010dl\u00e1nku se podrobn\u011b pod\u00edv\u00e1me na to, jak\u00e9 chyby se p\u0159i v\u00fdb\u011bru a pou\u017eit\u00ed nej\u010dast\u011bji d\u011blaj\u00ed a kter\u00e1 \u0159e\u0161en\u00ed funguj\u00ed nejl\u00e9pe. Nejlep\u0161\u00ed balic\u00ed p\u00e1ska je ta, kter\u00e1 dokonale vyhovuje va\u0161im konkr\u00e9tn\u00edm pot\u0159eb\u00e1m.<\/p>\n<h3>Typy obal\u016f<\/h3>\n<p>V\u00fdb\u011br spr\u00e1vn\u00e9ho typu obalov\u00e9ho materi\u00e1lu je kl\u00ed\u010dem k zaji\u0161t\u011bn\u00ed trvanlivosti a \u00fa\u010dinnosti p\u0159i zabezpe\u010den\u00ed z\u00e1silek. N\u00ed\u017ee je uveden podrobn\u00fd p\u0159ehled dostupn\u00fdch mo\u017enost\u00ed:<\/p>\n<h4>Akrylov\u00e9 v\u00fdrobky<\/h4>\n<p>Jsou jedn\u00edm z nej\u010dast\u011bji pou\u017e\u00edvan\u00fdch \u0159e\u0161en\u00ed v ka\u017edodenn\u00edm balen\u00ed. Vyzna\u010duj\u00ed se:<\/p>\n<ul>\n<li><strong>Trvanlivost lepidla<\/strong> - ide\u00e1ln\u00ed za standardn\u00edch teplotn\u00edch a vlhkostn\u00edch podm\u00ednek.<\/li>\n<li><strong>Odolnost v\u016f\u010di st\u00e1rnut\u00ed<\/strong> - vlastnosti z\u016fst\u00e1vaj\u00ed po dlouhou dobu nezm\u011bn\u011bny.<\/li>\n<li><strong>V\u0161estrannost<\/strong> - vhodn\u00e9 pro r\u016fzn\u00e9 povrchy, jako je pap\u00edr, karton nebo plast.<\/li>\n<li><strong>Ekologick\u00fd p\u0159\u00edstup<\/strong> - mnoho mo\u017enost\u00ed bez \u0161kodliv\u00fdch rozpou\u0161t\u011bdel.<\/li>\n<\/ul>\n<p>Jejich \u00fa\u010dinnost v extr\u00e9mn\u00edch podm\u00ednk\u00e1ch, jako jsou n\u00edzk\u00e9 teploty, v\u0161ak m\u016f\u017ee b\u00fdt omezen\u00e1.<\/p>\n<h4>Produkty s rozpou\u0161t\u011bdly<\/h4>\n<p>Tyto materi\u00e1ly na b\u00e1zi p\u0159\u00edrodn\u00edho kau\u010duku nab\u00edzej\u00ed:<\/p>\n<ul>\n<li><strong>Siln\u00e1 p\u0159ilnavost<\/strong> - \u00fa\u010dinn\u00fd na nerovn\u00fdch a pra\u0161n\u00fdch povr\u0161\u00edch.<\/li>\n<li><strong>Odolnost v\u016f\u010di extr\u00e9mn\u00edm podm\u00ednk\u00e1m<\/strong> - dob\u0159e funguj\u00ed p\u0159i vysok\u00fdch i n\u00edzk\u00fdch teplot\u00e1ch a vlhkosti.<\/li>\n<li><strong>Trvalost v \u010dase<\/strong> - m\u00e9n\u011b n\u00e1chyln\u00e9 k odlupov\u00e1n\u00ed.<\/li>\n<\/ul>\n<p>Vzhledem k jejich vy\u0161\u0161\u00ed cen\u011b se vol\u00ed p\u0159edev\u0161\u00edm pro n\u00e1ro\u010dn\u00e9 aplikace.<\/p>\n<h4>Tavn\u00e9 v\u00fdrobky za tepla<\/h4>\n<p>\u0158e\u0161en\u00ed na b\u00e1zi lepidel ze syntetick\u00e9ho kau\u010duku poskytuj\u00ed:<\/p>\n<ul>\n<li><strong>Rychl\u00e9 lepen\u00ed<\/strong> - okam\u017eit\u00fd z\u00e1sah po aplikaci.<\/li>\n<li><strong>V\u0161estrannost<\/strong> - Vhodn\u00e9 pro lehk\u00e9 a\u017e st\u0159edn\u00ed z\u00e1silky.<\/li>\n<li><strong>Dobr\u00fd pom\u011br ceny a kvality<\/strong> - ekonomick\u00e9 \u0159e\u0161en\u00ed pro v\u011bt\u0161inu aplikac\u00ed.<\/li>\n<\/ul>\n<p>Jejich \u017eivotnost v extr\u00e9mn\u00edch teplot\u00e1ch v\u0161ak m\u016f\u017ee b\u00fdt n\u011bkdy omezen\u00e1.<\/p>\n<h4>Specializovan\u00e1 \u0159e\u0161en\u00ed<\/h4>\n<p>Pro specifick\u00e9 pot\u0159eby je k dispozici:<\/p>\n<ul>\n<li>V\u00fdztuhy ze skeln\u00fdch vl\u00e1ken - ide\u00e1ln\u00ed pro velk\u00e9 zat\u00ed\u017een\u00ed.<\/li>\n<li>Mo\u017enosti potisku - ide\u00e1ln\u00ed pro tvorbu zna\u010dky.<\/li>\n<li>Ekologick\u00e9 materi\u00e1ly - vyroben\u00e9 z biologicky rozlo\u017eiteln\u00fdch nebo recyklovan\u00fdch surovin.<\/li>\n<\/ul>\n<h3>Krit\u00e9ria pro v\u00fdb\u011br nejlep\u0161\u00edho produktu<\/h3>\n<h4>Povrch aplikace<\/h4>\n<p>Rozhoduj\u00edc\u00ed je typ povrchu, na kter\u00fd bude materi\u00e1l aplikov\u00e1n:<\/p>\n<ul>\n<li><strong>Standardn\u00ed kartony<\/strong> - Nejl\u00e9pe se osv\u011bd\u010duj\u00ed akrylov\u00e9 nebo tavn\u00e9 varianty.<\/li>\n<li><strong>Por\u00e9zn\u00ed povrchy<\/strong> - rozpou\u0161t\u011bdlov\u00e9 materi\u00e1ly si \u00fa\u010dinn\u011b porad\u00ed s obt\u00ed\u017en\u00fdmi povrchy.<\/li>\n<li><strong>Plastov\u00e9<\/strong> - Lep\u0161\u00ed p\u0159ilnavost zaji\u0161\u0165uje v\u00fdb\u011br lepidla na b\u00e1zi akryl\u00e1tu.<\/li>\n<\/ul>\n<p>P\u0159i nan\u00e1\u0161en\u00ed je dobr\u00e9 db\u00e1t na to, aby byl povrch \u010dist\u00fd a such\u00fd.<\/p>\n<h4>Hmotnost z\u00e1silek<\/h4>\n<p>Hmotnost z\u00e1silky ovliv\u0148uje v\u00fdb\u011br vhodn\u00e9ho \u0159e\u0161en\u00ed:<\/p>\n<ul>\n<li><strong>Lehk\u00e9 z\u00e1silky<\/strong> - \u00fasporn\u00e9 tavn\u00e9 v\u00fdrobky.<\/li>\n<li><strong>Pr\u016fm\u011brn\u00e9 zat\u00ed\u017een\u00ed<\/strong> - akrylov\u00e9 materi\u00e1ly jsou dostate\u010dn\u00e9.<\/li>\n<li><strong>T\u011b\u017ek\u00e9 bal\u00edky<\/strong> - vyztu\u017een\u00e9 varianty nab\u00edzej\u00ed bezkonkuren\u010dn\u00ed odolnost.<\/li>\n<\/ul>\n<h4>Podm\u00ednky skladov\u00e1n\u00ed a p\u0159epravy<\/h4>\n<p>Z\u00e1le\u017e\u00ed tak\u00e9 na prost\u0159ed\u00ed, ve kter\u00e9m budou z\u00e1silky skladov\u00e1ny:<\/p>\n<ul>\n<li><strong>N\u00edzk\u00e9 teploty<\/strong> - rozpou\u0161t\u011bdlov\u00e9 materi\u00e1ly jsou odoln\u00e9 proti mrazu.<\/li>\n<li><strong>Vysok\u00e1 vlhkost<\/strong> - \u00fa\u010dinn\u011b funguj\u00ed v\u00fdrobky na b\u00e1zi p\u0159\u00edrodn\u00edho kau\u010duku.<\/li>\n<li><strong>Extr\u00e9mn\u00ed teploty<\/strong> - taveniny za horka mohou b\u00fdt m\u00e9n\u011b \u00fa\u010dinn\u00e9.<\/li>\n<\/ul>\n<h3>Ekologick\u00e1 \u0159e\u0161en\u00ed<\/h3>\n<p>V\u00fdb\u011br ekologick\u00fdch materi\u00e1l\u016f je d\u016fle\u017eit\u00fdm krokem k udr\u017eitelnosti. Na trhu jsou k dispozici:<\/p>\n<ul>\n<li><strong>Biologicky rozlo\u017eiteln\u00e9 mo\u017enosti<\/strong> - se v \u017eivotn\u00edm prost\u0159ed\u00ed rozkl\u00e1daj\u00ed.<\/li>\n<li><strong>Recyklovan\u00e9 v\u00fdrobky<\/strong> - vyroben\u00e9 z druhotn\u00fdch surovin, sni\u017euj\u00ed mno\u017estv\u00ed odpadu.<\/li>\n<\/ul>\n<h3>Shrnut\u00ed: Kter\u00fd materi\u00e1l je nejlep\u0161\u00ed?<\/h3>\n<p>Nejlep\u0161\u00ed volba z\u00e1vis\u00ed na konkr\u00e9tn\u00ed aplikaci. Akryl\u00e1tov\u00e9 v\u00fdrobky jsou nejuniverz\u00e1ln\u011bj\u0161\u00ed a budou dob\u0159e fungovat ve standardn\u00edch podm\u00ednk\u00e1ch. Pro n\u00e1ro\u010dn\u00e9 z\u00e1silky budou lep\u0161\u00ed rozpou\u0161t\u011bdlov\u00e9 materi\u00e1ly, zat\u00edmco ekologick\u00e9 varianty jsou ide\u00e1ln\u00ed pro spole\u010dnosti, kter\u00e9 dbaj\u00ed na ochranu \u017eivotn\u00edho prost\u0159ed\u00ed. Kter\u00e9 <a href=\"https:\/\/protape.pl\/cs\/\">balic\u00ed p\u00e1ska<\/a> Bude nejlep\u0161\u00ed? Odpov\u011b\u010f z\u00e1vis\u00ed na pot\u0159eb\u00e1ch a podm\u00ednk\u00e1ch pou\u017eit\u00ed.<\/p>\n<h2>Pou\u017eit\u00ed balic\u00edch p\u00e1sek v r\u016fzn\u00fdch pr\u016fmyslov\u00fdch odv\u011btv\u00edch<\/h2>\n<p><img fetchpriority=\"high\" decoding=\"async\" class=\"alignnone size-full wp-image-2948\" src=\"https:\/\/protape.pl\/wp-content\/uploads\/2024\/12\/Projekt-bez-nazwy-15-1.jpg\" alt=\"kter\u00e1 balic\u00ed p\u00e1ska je nejlep\u0161\u00ed\" width=\"800\" height=\"533\" srcset=\"https:\/\/protape.pl\/wp-content\/uploads\/2024\/12\/Projekt-bez-nazwy-15-1.jpg 800w, https:\/\/protape.pl\/wp-content\/uploads\/2024\/12\/Projekt-bez-nazwy-15-1-300x200.jpg 300w, https:\/\/protape.pl\/wp-content\/uploads\/2024\/12\/Projekt-bez-nazwy-15-1-768x512.jpg 768w, https:\/\/protape.pl\/wp-content\/uploads\/2024\/12\/Projekt-bez-nazwy-15-1-18x12.jpg 18w\" sizes=\"(max-width: 800px) 100vw, 800px\" \/><\/p>\n<h3>Pou\u017eit\u00ed obal\u016f v r\u016fzn\u00fdch pr\u016fmyslov\u00fdch odv\u011btv\u00edch<\/h3>\n<p>D\u00edky r\u016fzn\u00fdm materi\u00e1l\u016fm, kter\u00e9 jsou k dispozici pro zabezpe\u010den\u00ed z\u00e1silek, se \u0161iroce pou\u017e\u00edvaj\u00ed v mnoha odv\u011btv\u00edch. N\u00ed\u017ee uv\u00e1d\u00edme p\u0159ehled toho, kde je lze pou\u017e\u00edt a kter\u00e9 \u0159e\u0161en\u00ed je pro ten kter\u00fd p\u0159\u00edpad nejvhodn\u011bj\u0161\u00ed.<\/p>\n<h4>Elektronick\u00e9 obchodov\u00e1n\u00ed a logistika<\/h4>\n<p>V elektronick\u00e9m obchod\u011b a doprav\u011b je balen\u00ed v\u00fdrobk\u016f nezbytn\u00e9 v ka\u017ed\u00e9 f\u00e1zi dod\u00e1vky.<\/p>\n<ul>\n<li><strong>Typ v\u00fdrobku:<\/strong> Tavn\u00e9 a akrylov\u00e9 materi\u00e1ly jsou obl\u00edben\u00e9 d\u00edky rychl\u00e9mu tuhnut\u00ed a n\u00edzk\u00e9 cen\u011b.<\/li>\n<li><strong>Po\u017eadavky:<\/strong> Kl\u00ed\u010dov\u00fdmi vlastnostmi jsou odolnost a spolehlivost, zejm\u00e9na proto, \u017ee z\u00e1silky \u010dasto proch\u00e1zej\u00ed n\u011bkolika manipula\u010dn\u00edmi m\u00edsty.<\/li>\n<li><strong>V\u00fdhody:<\/strong> D\u016fkladn\u00e9 zabezpe\u010den\u00ed minimalizuje riziko po\u0161kozen\u00ed, co\u017e vede ke spokojenosti z\u00e1kazn\u00edk\u016f a sn\u00ed\u017een\u00ed n\u00e1klad\u016f spojen\u00fdch s vr\u00e1cen\u00edm zbo\u017e\u00ed.<\/li>\n<\/ul>\n<p>Mnoho logistick\u00fdch oper\u00e1tor\u016f investuje do ti\u0161t\u011bn\u00fdch \u0159e\u0161en\u00ed, aby zlep\u0161ili identifikaci z\u00e1silek a zv\u00fd\u0161ili rozpoznatelnost zna\u010dky.<\/p>\n<h4>Pr\u016fmysl a v\u00fdroba<\/h4>\n<p>V pr\u016fmyslov\u00e9m prost\u0159ed\u00ed jsou n\u00e1roky na obalov\u00e9 materi\u00e1ly obzvl\u00e1\u0161t\u011b vysok\u00e9 vzhledem k hmotnosti a velikosti z\u00e1silek.<\/p>\n<ul>\n<li><strong>Typ v\u00fdrobku:<\/strong> Lepic\u00ed materi\u00e1ly na b\u00e1zi rozpou\u0161t\u011bdel jsou nenahraditeln\u00e9 d\u00edky sv\u00e9 v\u00fdjime\u010dn\u00e9 pevnosti a odolnosti v\u016f\u010di n\u00e1ro\u010dn\u00fdm podm\u00ednk\u00e1m.<\/li>\n<li><strong>Pou\u017eit\u00ed:<\/strong> Ide\u00e1ln\u00ed pro balen\u00ed stavebn\u00edch materi\u00e1l\u016f, elektroniky a mechanick\u00fdch sou\u010d\u00e1st\u00ed vy\u017eaduj\u00edc\u00edch vy\u0161\u0161\u00ed ochranu.<\/li>\n<li><strong>Specializovan\u00e9 mo\u017enosti:<\/strong> Zes\u00edlen\u00e9 varianty, nap\u0159. s p\u0159\u00eddavn\u00fdmi vl\u00e1kny, jsou vhodn\u00e9 pro extr\u00e9mn\u011b t\u011b\u017ek\u00e1 zat\u00ed\u017een\u00ed.<\/li>\n<\/ul>\n<p>V tomto odv\u011btv\u00ed je v\u00fdb\u011br spr\u00e1vn\u00fdch v\u00fdrobk\u016f z\u00e1sadn\u00ed pro zachov\u00e1n\u00ed bezpe\u010dnosti a optimalizaci proces\u016f.<\/p>\n<h4>Pou\u017eit\u00ed v dom\u00e1cnosti a kancel\u00e1\u0159i<\/h4>\n<p>V ka\u017edodenn\u00edm pou\u017eit\u00ed jsou obalov\u00e9 materi\u00e1ly velmi univerz\u00e1ln\u00ed, pou\u017e\u00edvaj\u00ed se v dom\u00e1cnostech i kancel\u00e1\u0159\u00edch.<\/p>\n<ul>\n<li><strong>Typ v\u00fdrobku:<\/strong> Akryl\u00e1tov\u00e9 varianty jsou nej\u010dast\u011bj\u0161\u00ed volbou d\u00edky snadn\u00e9mu pou\u017eit\u00ed a cenov\u00e9 dostupnosti.<\/li>\n<li><strong>P\u0159\u00edklady aplikac\u00ed:<\/strong> P\u0159\u00edprava kur\u00fdrn\u00edch z\u00e1silek, uspo\u0159\u00e1d\u00e1n\u00ed dokument\u016f nebo zaji\u0161t\u011bn\u00ed v\u011bc\u00ed pro st\u011bhov\u00e1n\u00ed.<\/li>\n<li><strong>Klady:<\/strong> D\u00edky sv\u00e9 snadn\u00e9 dostupnosti a univerz\u00e1lnosti jsou ide\u00e1ln\u00ed pro jednotlivce i mal\u00e9 firmy.<\/li>\n<\/ul>\n<p>Pro u\u017eivatele, kte\u0159\u00ed v\u00edce dbaj\u00ed na \u017eivotn\u00ed prost\u0159ed\u00ed, jsou k dispozici ekologick\u00e9 alternativy, kter\u00e9 kombinuj\u00ed funk\u010dnost s ohledem na \u017eivotn\u00ed prost\u0159ed\u00ed. V\u00fdb\u011br vhodn\u00fdch materi\u00e1l\u016f z\u00e1vis\u00ed na konkr\u00e9tn\u00edm odv\u011btv\u00ed a individu\u00e1ln\u00edch po\u017eadavc\u00edch. Kter\u00e9 <a href=\"https:\/\/protape.pl\/cs\/\">poti\u0161t\u011bn\u00e1 balic\u00ed p\u00e1ska<\/a> Je pro v\u00e1s nejlep\u0161\u00ed? Je to ten, kter\u00fd vyhovuje va\u0161im specifick\u00fdm pot\u0159eb\u00e1m, zaji\u0161\u0165uje trvanlivost, estetiku a \u00fa\u010dinnost zabezpe\u010den\u00ed va\u0161ich z\u00e1silek. Spr\u00e1vn\u00e1 volba minimalizuje riziko po\u0161kozen\u00ed, co\u017e vede k v\u011bt\u0161\u00ed spokojenosti z\u00e1kazn\u00edk\u016f a dlouhodob\u00fdm \u00faspor\u00e1m.<\/p>\n<div class=\"flex-1 overflow-hidden @container\/thread\">\n<div class=\"h-full\">\n<div class=\"react-scroll-to-bottom--css-efqsz-79elbk h-full\">\n<div class=\"react-scroll-to-bottom--css-efqsz-1n7m0yu\">\n<div class=\"flex flex-col text-sm md:pb-9\">\n<article class=\"w-full scroll-mb-[var(--thread-trailing-height,150px)] text-token-text-primary focus-visible:outline-2 focus-visible:outline-offset-[-4px]\" dir=\"auto\" data-testid=\"conversation-turn-9\" data-scroll-anchor=\"true\">\n<div class=\"m-auto text-base py-[18px] px-3 md:px-4 w-full md:px-5 lg:px-4 xl:px-5\">\n<div class=\"mx-auto flex flex-1 gap-4 text-base md:gap-5 lg:gap-6 md:max-w-3xl lg:max-w-[40rem] xl:max-w-[48rem]\">\n<div class=\"group\/conversation-turn relative flex w-full min-w-0 flex-col agent-turn\">\n<div class=\"flex-col gap-1 md:gap-3\">\n<div class=\"flex max-w-full flex-col flex-grow\">\n<div class=\"min-h-8 text-message flex w-full flex-col items-end gap-2 whitespace-normal break-words text-start [.text-message+&amp;]:mt-5\" dir=\"auto\" data-message-author-role=\"assistant\" data-message-id=\"59f32df5-f102-4b0e-86b6-68619832ed8b\" data-message-model-slug=\"gpt-4o\">\n<div class=\"flex w-full flex-col gap-1 empty:hidden first:pt-[3px]\">\n<div class=\"markdown prose w-full break-words dark:prose-invert light\">\n<h3>Nej\u010dast\u011bj\u0161\u00ed chyby p\u0159i v\u00fdb\u011bru a pou\u017e\u00edv\u00e1n\u00ed obalov\u00fdch materi\u00e1l\u016f<\/h3>\n<p>V\u00fdb\u011br a pou\u017eit\u00ed spr\u00e1vn\u00fdch produkt\u016f pro zabezpe\u010den\u00ed z\u00e1silek se m\u016f\u017ee zd\u00e1t jako jednoduch\u00fd \u00fakol, ale nespr\u00e1vn\u00fd p\u0159\u00edstup vede k probl\u00e9m\u016fm p\u0159i p\u0159eprav\u011b. N\u00ed\u017ee jsou pops\u00e1ny nej\u010dast\u011bj\u0161\u00ed chyby a n\u00e1vod, jak se jim vyhnout, abyste zajistili optim\u00e1ln\u00ed v\u00fdsledky.<\/p>\n<h4>Nesoulad mezi typem materi\u00e1lu a aplikac\u00ed<\/h4>\n<p>\u010castou chybou je v\u00fdb\u011br v\u00fdrobku, kter\u00fd neodpov\u00edd\u00e1 specifikac\u00edm z\u00e1silky:<\/p>\n<ul>\n<li><strong>P\u0159\u00edli\u0161 slab\u00e9 \u0159e\u0161en\u00ed<\/strong>: U t\u011b\u017ek\u00fdch bal\u00edk\u016f se m\u016f\u017ee st\u00e1t, \u017ee standardn\u00ed v\u00fdrobky neudr\u017e\u00ed obsah a dojde k odlepen\u00ed.<\/li>\n<li><strong>Nedostate\u010dn\u00e1 imunita<\/strong>: V\u00fdrobky na b\u00e1zi syntetick\u00fdch lepidel nemus\u00ed p\u0159i n\u00edzk\u00fdch teplot\u00e1ch dob\u0159e fungovat.<\/li>\n<li><strong>Nevhodn\u00e9 lepidlo<\/strong>: V\u00fdb\u011br nejv\u00fdkonn\u011bj\u0161\u00edch \u0159e\u0161en\u00ed pro lehk\u00e9 z\u00e1silky je zbyte\u010dn\u00fdm v\u00fddajem.<\/li>\n<\/ul>\n<p><strong>\u27a1 \u0158e\u0161en\u00ed<\/strong>: P\u0159izp\u016fsoben\u00ed typu materi\u00e1lu hmotnosti, typu obalu a p\u0159epravn\u00edm podm\u00ednk\u00e1m.<\/p>\n<h4>Nespr\u00e1vn\u00e9 skladov\u00e1n\u00ed<\/h4>\n<p>Nevhodn\u00e9 podm\u00ednky mohou oslabit lepic\u00ed vlastnosti:<\/p>\n<ul>\n<li><strong>Extr\u00e9mn\u00ed teploty<\/strong>: Skladov\u00e1n\u00ed v m\u00edstech s nadm\u011brn\u00fdm teplem nebo chladem negativn\u011b ovliv\u0148uje v\u00fdkon.<\/li>\n<li><strong>Vlhkost<\/strong>: Nadm\u011brn\u00e1 vlhkost m\u016f\u017ee zp\u016fsobit degradaci lepidla.<\/li>\n<li><strong>Zne\u010di\u0161t\u011bn\u00ed<\/strong>: Prach a ne\u010distoty oslabuj\u00ed p\u0159ilnavost.<\/li>\n<\/ul>\n<p><strong>\u27a1 \u0158e\u0161en\u00ed<\/strong>: Skladujte na such\u00e9m m\u00edst\u011b p\u0159i teplot\u011b 10 \u00b0C a\u017e 25 \u00b0C, mimo dosah slune\u010dn\u00edho z\u00e1\u0159en\u00ed.<\/p>\n<h4>Pou\u017e\u00edv\u00e1n\u00ed nespr\u00e1vn\u00fdch n\u00e1stroj\u016f<\/h4>\n<p>Dal\u0161\u00edm \u010dast\u00fdm probl\u00e9mem je nevhodn\u00e1 aplikace obalov\u00fdch prost\u0159edk\u016f:<\/p>\n<ul>\n<li><strong>Ru\u010dn\u00ed lepen\u00ed<\/strong>: M\u016f\u017ee v\u00e9st k nerovnom\u011brn\u00e9mu zabezpe\u010den\u00ed z\u00e1silek.<\/li>\n<li><strong>Opot\u0159ebovan\u00e9 \u010depele v n\u00e1\u0159ad\u00ed<\/strong>: Nevym\u011bn\u011bn\u00e9 \u010depele v z\u00e1sobn\u00edc\u00edch zp\u016fsobuj\u00ed nevzhledn\u00e9 r\u00e1ny.<\/li>\n<\/ul>\n<p><strong>\u27a1 \u0158e\u0161en\u00ed<\/strong>: Pravideln\u00e1 \u00fadr\u017eba n\u00e1\u0159ad\u00ed a investice do kvalitn\u00edch aplik\u00e1tor\u016f.<\/p>\n<h3>Doporu\u010den\u00ed pro r\u016fzn\u00e9 pot\u0159eby<\/h3>\n<p>Odpov\u00eddaj\u00edc\u00ed <a href=\"https:\/\/protape.pl\/cs\/\">poti\u0161t\u011bn\u00e9 p\u00e1sky<\/a> specifick\u00fdm po\u017eadavk\u016fm p\u0159edch\u00e1z\u00ed probl\u00e9m\u016fm a zvy\u0161uje efektivitu.<\/p>\n<h4>Odv\u011btv\u00ed elektronick\u00e9ho obchodu a logistiky<\/h4>\n<ul>\n<li><strong>Nejlep\u0161\u00ed \u0159e\u0161en\u00ed<\/strong>: V\u00fdrobky s rychl\u00fdm lepen\u00edm, nap\u0159\u00edklad na b\u00e1zi syntetick\u00fdch lepidel, jsou ide\u00e1ln\u00ed pro lehk\u00e9 z\u00e1silky. Pro n\u00e1ro\u010dn\u011bj\u0161\u00ed z\u00e1silky se vyplat\u00ed investovat do <strong>varianta rozpou\u0161t\u011bdla<\/strong>.<\/li>\n<li><strong>V\u00fdhody<\/strong>: Sn\u00ed\u017een\u00ed rizika po\u0161kozen\u00ed z\u00e1silek a zv\u00fd\u0161en\u00ed efektivity logistick\u00fdch proces\u016f.<\/li>\n<\/ul>\n<h4>Pr\u016fmysl a v\u00fdroba<\/h4>\n<ul>\n<li><strong>Nejlep\u0161\u00ed \u0159e\u0161en\u00ed<\/strong>: V\u00fdrobky vyztu\u017een\u00e9 vl\u00e1kny poskytuj\u00ed dostate\u010dnou pevnost p\u0159i upev\u0148ov\u00e1n\u00ed t\u011b\u017ek\u00fdch b\u0159emen.<\/li>\n<li><strong>V\u00fdhody<\/strong>: Z\u00e1ruka bezpe\u010dnosti obsahu b\u011bhem p\u0159epravy.<\/li>\n<\/ul>\n<h4>Pou\u017eit\u00ed v dom\u00e1cnosti a kancel\u00e1\u0159i<\/h4>\n<ul>\n<li><strong>Nejlep\u0161\u00ed \u0159e\u0161en\u00ed<\/strong>: Lehk\u00e9 a cenov\u011b v\u00fdhodn\u00e9 univerz\u00e1ln\u00ed mo\u017enosti, kter\u00e9 jsou dostate\u010dn\u00e9 pro ka\u017edodenn\u00ed \u00fakoly.<\/li>\n<li><strong>V\u00fdhody<\/strong>: Snadn\u00e9 pou\u017eit\u00ed a cenov\u00e1 dostupnost.<\/li>\n<\/ul>\n<h3>Jak se vyhnout probl\u00e9m\u016fm v budoucnu?<\/h3>\n<ol>\n<li><strong>Anal\u00fdza pot\u0159eb<\/strong>: Uve\u010fte hmotnost z\u00e1silky a podm\u00ednky p\u0159epravy.<\/li>\n<li><strong>V\u00fdb\u011br spr\u00e1vn\u00fdch produkt\u016f<\/strong>: Ujist\u011bte se, \u017ee zvolen\u00e9 \u0159e\u0161en\u00ed je pro danou situaci optim\u00e1ln\u00ed.<\/li>\n<li><strong>Spr\u00e1vn\u00e9 skladov\u00e1n\u00ed<\/strong>: Zajist\u011bte spr\u00e1vn\u00e9 skladovac\u00ed podm\u00ednky, aby nedo\u0161lo ke zhor\u0161en\u00ed lepic\u00edch vlastnost\u00ed.<\/li>\n<li><strong>Investice do n\u00e1stroj\u016f<\/strong>: Vysoce kvalitn\u00ed aplik\u00e1tory a d\u00e1vkova\u010de usnad\u0148uj\u00ed pr\u00e1ci.<\/li>\n<\/ol>\n<p>\u27a1 P\u0159\u00edklad: Pokud hled\u00e1te trvanlivost a odolnost v\u016f\u010di drsn\u00fdm podm\u00ednk\u00e1m, je spolehliv\u00fdm \u0159e\u0161en\u00edm obalov\u00fd materi\u00e1l s rozpou\u0161t\u011bdly.<\/p>\n<h3>Shrnut\u00ed a praktick\u00e9 tipy<\/h3>\n<p>Vhodn\u00e9 p\u0159izp\u016fsoben\u00ed materi\u00e1l\u016f typu z\u00e1silky a podm\u00ednk\u00e1m p\u0159epravy zaji\u0161\u0165uje jejich \u00fa\u010dinnost a minimalizuje riziko po\u0161kozen\u00ed.<\/p>\n<p><strong>\u010casto kladen\u00e9 ot\u00e1zky (FAQ)<\/strong><\/p>\n<ol>\n<li><strong>Jsou syntetick\u00e9 roztoky odoln\u00e9 v\u016f\u010di n\u00edzk\u00fdm teplot\u00e1m?<\/strong><br \/>\nNe, v t\u011bchto podm\u00ednk\u00e1ch budou l\u00e9pe fungovat v\u00fdrobky na b\u00e1zi kau\u010dukov\u00e9ho lepidla.<\/li>\n<li><strong>Jak se m\u016f\u017eeme vyhnout probl\u00e9m\u016fm s odlou\u010den\u00edm?<\/strong><br \/>\nP\u0159ed aplikac\u00ed se ujist\u011bte, \u017ee je povrch pozemku \u010dist\u00fd a such\u00fd.<\/li>\n<li><strong>Vyplat\u00ed se investovat do ekologick\u00fdch alternativ?<\/strong><br \/>\nAno, zvl\u00e1\u0161t\u011b pokud chcete, aby byl produkt \u0161etrn\u00fd k \u017eivotn\u00edmu prost\u0159ed\u00ed.<\/li>\n<\/ol>\n<p>Spr\u00e1vn\u00fd v\u00fdb\u011br produkt\u016f zajist\u00ed bezpe\u010dnost z\u00e1silek a \u00faspory v dlouhodob\u00e9m horizontu. <strong>Nejlep\u0161\u00ed \u0159e\u0161en\u00ed?<\/strong> Ta je p\u0159izp\u016fsobena individu\u00e1ln\u00edm pot\u0159eb\u00e1m a podm\u00ednk\u00e1m pou\u017e\u00edv\u00e1n\u00ed.<\/p>\n<\/div>\n<\/div>\n<\/div>\n<\/div>\n<\/div>\n<\/div>\n<\/div>\n<\/div>\n<\/article>\n<\/div>\n<\/div>\n<\/div>\n<\/div>\n<\/div>","protected":false},"excerpt":{"rendered":"<p>Ka\u017ed\u00fd, kdo se zab\u00fdv\u00e1 balen\u00edm z\u00e1silek, v\u00ed, jak d\u016fle\u017eit\u00e9 je spr\u00e1vn\u00e9 zabezpe\u010den\u00ed z\u00e1silky. V\u00fdb\u011br spr\u00e1vn\u00e9ho typu lepic\u00edho materi\u00e1lu m\u00e1 vliv nejen na ochranu obsahu, ale tak\u00e9 na jeho estetiku a bezpe\u010dnost p\u0159i p\u0159eprav\u011b. Rozmanitost dostupn\u00fdch mo\u017enost\u00ed v\u0161ak m\u016f\u017ee p\u0159edstavovat v\u00fdzvu. V tomto \u010dl\u00e1nku se podrobn\u011b pod\u00edv\u00e1me na to, jak\u00e9 chyby se nej\u010dast\u011bji d\u011blaj\u00ed p\u0159i v\u00fdb\u011bru a pou\u017e\u00edv\u00e1n\u00ed...<\/p>","protected":false},"author":4,"featured_media":2949,"comment_status":"open","ping_status":"open","sticky":false,"template":"","format":"standard","meta":{"_acf_changed":false,"inline_featured_image":false,"_kadence_starter_templates_imported_post":false,"_kad_post_transparent":"default","_kad_post_title":"default","_kad_post_layout":"default","_kad_post_sidebar_id":"","_kad_post_content_style":"default","_kad_post_vertical_padding":"default","_kad_post_feature":"","_kad_post_feature_position":"","_kad_post_header":false,"_kad_post_footer":false,"footnotes":""},"categories":[20],"tags":[],"class_list":["post-2946","post","type-post","status-publish","format-standard","has-post-thumbnail","hentry","category-tasmy-porady"],"acf":[],"yoast_head":"<!-- This site is optimized with the Yoast SEO Premium plugin v20.13 (Yoast SEO v20.13) - https:\/\/yoast.com\/wordpress\/plugins\/seo\/ -->\n<title>Jaka ta\u015bma pakowa najlepsza? Rekomendacje dla firm i domu - Protape - producent ta\u015bm z nadrukiem - logo - ta\u015bmy samoprzylepne - ta\u015bmy pakowe<\/title>\n<meta name=\"description\" content=\"Dowiedz si\u0119, jaka ta\u015bma pakowa najlepsza w bran\u017cy e-commerce, logistyce i przemy\u015ble. Kompleksowe porady i analizy.\" \/>\n<meta name=\"robots\" content=\"index, follow, max-snippet:-1, max-image-preview:large, max-video-preview:-1\" \/>\n<link rel=\"canonical\" href=\"https:\/\/protape.pl\/cs\/tipy-na-pasky\/jaka-je-nejlepsi-doporucena-balici-paska-pro-firmy-a-domacnosti\/\" \/>\n<meta property=\"og:locale\" content=\"cs_CZ\" \/>\n<meta property=\"og:type\" content=\"article\" \/>\n<meta property=\"og:title\" content=\"Jaka ta\u015bma pakowa najlepsza? Rekomendacje dla firm i domu - Protape - producent ta\u015bm z nadrukiem - logo - ta\u015bmy samoprzylepne - ta\u015bmy pakowe\" \/>\n<meta property=\"og:description\" content=\"Dowiedz si\u0119, jaka ta\u015bma pakowa najlepsza w bran\u017cy e-commerce, logistyce i przemy\u015ble. Kompleksowe porady i analizy.\" \/>\n<meta property=\"og:url\" content=\"https:\/\/protape.pl\/cs\/tipy-na-pasky\/jaka-je-nejlepsi-doporucena-balici-paska-pro-firmy-a-domacnosti\/\" \/>\n<meta property=\"og:site_name\" content=\"Protape - producent ta\u015bm z nadrukiem - logo - ta\u015bmy samoprzylepne - ta\u015bmy pakowe\" \/>\n<meta property=\"article:publisher\" content=\"https:\/\/www.facebook.com\/protape.tasmy\/\" \/>\n<meta property=\"article:published_time\" content=\"2024-10-10T15:46:51+00:00\" \/>\n<meta property=\"article:modified_time\" content=\"2024-12-21T11:34:09+00:00\" \/>\n<meta property=\"og:image\" content=\"https:\/\/protape.pl\/wp-content\/uploads\/2024\/12\/Projekt-bez-nazwy-16-1.jpg\" \/>\n\t<meta property=\"og:image:width\" content=\"800\" \/>\n\t<meta property=\"og:image:height\" content=\"533\" \/>\n\t<meta property=\"og:image:type\" content=\"image\/jpeg\" \/>\n<meta name=\"author\" content=\"Redakcja\" \/>\n<meta name=\"twitter:card\" content=\"summary_large_image\" \/>\n<meta name=\"twitter:label1\" content=\"Napsal(a)\" \/>\n\t<meta name=\"twitter:data1\" content=\"Redakcja\" \/>\n\t<meta name=\"twitter:label2\" content=\"Odhadovan\u00e1 doba \u010dten\u00ed\" \/>\n\t<meta name=\"twitter:data2\" content=\"8 minut\" \/>\n<script type=\"application\/ld+json\" class=\"yoast-schema-graph\">{\"@context\":\"https:\/\/schema.org\",\"@graph\":[{\"@type\":\"Article\",\"@id\":\"https:\/\/protape.pl\/tasmy-porady\/jaka-tasma-pakowa-najlepsza-rekomendacje-dla-firm-i-domu\/#article\",\"isPartOf\":{\"@id\":\"https:\/\/protape.pl\/tasmy-porady\/jaka-tasma-pakowa-najlepsza-rekomendacje-dla-firm-i-domu\/\"},\"author\":{\"name\":\"Redakcja\",\"@id\":\"https:\/\/protape.pl\/#\/schema\/person\/1bdcc190ac7cbff529df8ac05860a819\"},\"headline\":\"Jaka ta\u015bma pakowa najlepsza? Rekomendacje dla firm i domu\",\"datePublished\":\"2024-10-10T15:46:51+00:00\",\"dateModified\":\"2024-12-21T11:34:09+00:00\",\"mainEntityOfPage\":{\"@id\":\"https:\/\/protape.pl\/tasmy-porady\/jaka-tasma-pakowa-najlepsza-rekomendacje-dla-firm-i-domu\/\"},\"wordCount\":1651,\"commentCount\":0,\"publisher\":{\"@id\":\"https:\/\/protape.pl\/#organization\"},\"articleSection\":[\"Porady\"],\"inLanguage\":\"cs\",\"potentialAction\":[{\"@type\":\"CommentAction\",\"name\":\"Comment\",\"target\":[\"https:\/\/protape.pl\/tasmy-porady\/jaka-tasma-pakowa-najlepsza-rekomendacje-dla-firm-i-domu\/#respond\"]}]},{\"@type\":\"WebPage\",\"@id\":\"https:\/\/protape.pl\/tasmy-porady\/jaka-tasma-pakowa-najlepsza-rekomendacje-dla-firm-i-domu\/\",\"url\":\"https:\/\/protape.pl\/tasmy-porady\/jaka-tasma-pakowa-najlepsza-rekomendacje-dla-firm-i-domu\/\",\"name\":\"Jaka ta\u015bma pakowa najlepsza? Rekomendacje dla firm i domu - Protape - producent ta\u015bm z nadrukiem - logo - ta\u015bmy samoprzylepne - ta\u015bmy pakowe\",\"isPartOf\":{\"@id\":\"https:\/\/protape.pl\/#website\"},\"datePublished\":\"2024-10-10T15:46:51+00:00\",\"dateModified\":\"2024-12-21T11:34:09+00:00\",\"description\":\"Dowiedz si\u0119, jaka ta\u015bma pakowa najlepsza w bran\u017cy e-commerce, logistyce i przemy\u015ble. Kompleksowe porady i analizy.\",\"inLanguage\":\"cs\",\"potentialAction\":[{\"@type\":\"ReadAction\",\"target\":[\"https:\/\/protape.pl\/tasmy-porady\/jaka-tasma-pakowa-najlepsza-rekomendacje-dla-firm-i-domu\/\"]}]},{\"@type\":\"WebSite\",\"@id\":\"https:\/\/protape.pl\/#website\",\"url\":\"https:\/\/protape.pl\/\",\"name\":\"Protape - producent ta\u015bm z nadrukiem - logo - ta\u015bmy samoprzylepne - ta\u015bmy pakowe\",\"description\":\"Najlepsze ta\u015bmy pakowe z nadrukiem\",\"publisher\":{\"@id\":\"https:\/\/protape.pl\/#organization\"},\"alternateName\":\"Protape - ta\u015bmy z nadrukiem\",\"potentialAction\":[{\"@type\":\"SearchAction\",\"target\":{\"@type\":\"EntryPoint\",\"urlTemplate\":\"https:\/\/protape.pl\/?s={search_term_string}\"},\"query-input\":\"required name=search_term_string\"}],\"inLanguage\":\"cs\"},{\"@type\":\"Organization\",\"@id\":\"https:\/\/protape.pl\/#organization\",\"name\":\"Protape - ta\u015bmy z nadrukiem\",\"alternateName\":\"Twoje ta\u015bmy z nadrukiem - Protape\",\"url\":\"https:\/\/protape.pl\/\",\"logo\":{\"@type\":\"ImageObject\",\"inLanguage\":\"cs\",\"@id\":\"https:\/\/protape.pl\/#\/schema\/logo\/image\/\",\"url\":\"https:\/\/protape.pl\/wp-content\/uploads\/2023\/02\/cropped-logo-protape-2.png\",\"contentUrl\":\"https:\/\/protape.pl\/wp-content\/uploads\/2023\/02\/cropped-logo-protape-2.png\",\"width\":111,\"height\":36,\"caption\":\"Protape - ta\u015bmy z nadrukiem\"},\"image\":{\"@id\":\"https:\/\/protape.pl\/#\/schema\/logo\/image\/\"},\"sameAs\":[\"https:\/\/www.facebook.com\/protape.tasmy\/\",\"https:\/\/www.youtube.com\/@protape_pl\",\"https:\/\/www.tiktok.com\/@protape_pl\",\"https:\/\/www.instagram.com\/protape.tasmy\/\"]},{\"@type\":\"Person\",\"@id\":\"https:\/\/protape.pl\/#\/schema\/person\/1bdcc190ac7cbff529df8ac05860a819\",\"name\":\"Redakcja\",\"image\":{\"@type\":\"ImageObject\",\"inLanguage\":\"cs\",\"@id\":\"https:\/\/protape.pl\/#\/schema\/person\/image\/\",\"url\":\"https:\/\/secure.gravatar.com\/avatar\/56ca21bac30118a57ca58e26a410f62d449a4d6f6f6f6e5fef6abb687e228ad5?s=96&d=mm&r=g\",\"contentUrl\":\"https:\/\/secure.gravatar.com\/avatar\/56ca21bac30118a57ca58e26a410f62d449a4d6f6f6f6e5fef6abb687e228ad5?s=96&d=mm&r=g\",\"caption\":\"Redakcja\"},\"url\":\"https:\/\/protape.pl\/cs\/author\/admin\/\"}]}<\/script>\n<!-- \/ Yoast SEO Premium plugin. -->","yoast_head_json":{"title":"Jaka ta\u015bma pakowa najlepsza? Rekomendacje dla firm i domu - Protape - producent ta\u015bm z nadrukiem - logo - ta\u015bmy samoprzylepne - ta\u015bmy pakowe","description":"Dowiedz si\u0119, jaka ta\u015bma pakowa najlepsza w bran\u017cy e-commerce, logistyce i przemy\u015ble. Kompleksowe porady i analizy.","robots":{"index":"index","follow":"follow","max-snippet":"max-snippet:-1","max-image-preview":"max-image-preview:large","max-video-preview":"max-video-preview:-1"},"canonical":"https:\/\/protape.pl\/cs\/tipy-na-pasky\/jaka-je-nejlepsi-doporucena-balici-paska-pro-firmy-a-domacnosti\/","og_locale":"cs_CZ","og_type":"article","og_title":"Jaka ta\u015bma pakowa najlepsza? Rekomendacje dla firm i domu - Protape - producent ta\u015bm z nadrukiem - logo - ta\u015bmy samoprzylepne - ta\u015bmy pakowe","og_description":"Dowiedz si\u0119, jaka ta\u015bma pakowa najlepsza w bran\u017cy e-commerce, logistyce i przemy\u015ble. Kompleksowe porady i analizy.","og_url":"https:\/\/protape.pl\/cs\/tipy-na-pasky\/jaka-je-nejlepsi-doporucena-balici-paska-pro-firmy-a-domacnosti\/","og_site_name":"Protape - producent ta\u015bm z nadrukiem - logo - ta\u015bmy samoprzylepne - ta\u015bmy pakowe","article_publisher":"https:\/\/www.facebook.com\/protape.tasmy\/","article_published_time":"2024-10-10T15:46:51+00:00","article_modified_time":"2024-12-21T11:34:09+00:00","og_image":[{"width":800,"height":533,"url":"https:\/\/protape.pl\/wp-content\/uploads\/2024\/12\/Projekt-bez-nazwy-16-1.jpg","type":"image\/jpeg"}],"author":"Redakcja","twitter_card":"summary_large_image","twitter_misc":{"Napsal(a)":"Redakcja","Odhadovan\u00e1 doba \u010dten\u00ed":"8 minut"},"schema":{"@context":"https:\/\/schema.org","@graph":[{"@type":"Article","@id":"https:\/\/protape.pl\/tasmy-porady\/jaka-tasma-pakowa-najlepsza-rekomendacje-dla-firm-i-domu\/#article","isPartOf":{"@id":"https:\/\/protape.pl\/tasmy-porady\/jaka-tasma-pakowa-najlepsza-rekomendacje-dla-firm-i-domu\/"},"author":{"name":"Redakcja","@id":"https:\/\/protape.pl\/#\/schema\/person\/1bdcc190ac7cbff529df8ac05860a819"},"headline":"Jaka ta\u015bma pakowa najlepsza? Rekomendacje dla firm i domu","datePublished":"2024-10-10T15:46:51+00:00","dateModified":"2024-12-21T11:34:09+00:00","mainEntityOfPage":{"@id":"https:\/\/protape.pl\/tasmy-porady\/jaka-tasma-pakowa-najlepsza-rekomendacje-dla-firm-i-domu\/"},"wordCount":1651,"commentCount":0,"publisher":{"@id":"https:\/\/protape.pl\/#organization"},"articleSection":["Porady"],"inLanguage":"cs","potentialAction":[{"@type":"CommentAction","name":"Comment","target":["https:\/\/protape.pl\/tasmy-porady\/jaka-tasma-pakowa-najlepsza-rekomendacje-dla-firm-i-domu\/#respond"]}]},{"@type":"WebPage","@id":"https:\/\/protape.pl\/tasmy-porady\/jaka-tasma-pakowa-najlepsza-rekomendacje-dla-firm-i-domu\/","url":"https:\/\/protape.pl\/tasmy-porady\/jaka-tasma-pakowa-najlepsza-rekomendacje-dla-firm-i-domu\/","name":"Jaka ta\u015bma pakowa najlepsza? Rekomendacje dla firm i domu - Protape - producent ta\u015bm z nadrukiem - logo - ta\u015bmy samoprzylepne - ta\u015bmy pakowe","isPartOf":{"@id":"https:\/\/protape.pl\/#website"},"datePublished":"2024-10-10T15:46:51+00:00","dateModified":"2024-12-21T11:34:09+00:00","description":"Dowiedz si\u0119, jaka ta\u015bma pakowa najlepsza w bran\u017cy e-commerce, logistyce i przemy\u015ble. Kompleksowe porady i analizy.","inLanguage":"cs","potentialAction":[{"@type":"ReadAction","target":["https:\/\/protape.pl\/tasmy-porady\/jaka-tasma-pakowa-najlepsza-rekomendacje-dla-firm-i-domu\/"]}]},{"@type":"WebSite","@id":"https:\/\/protape.pl\/#website","url":"https:\/\/protape.pl\/","name":"Protape - producent ta\u015bm z nadrukiem - logo - ta\u015bmy samoprzylepne - ta\u015bmy pakowe","description":"Najlepsze ta\u015bmy pakowe z nadrukiem","publisher":{"@id":"https:\/\/protape.pl\/#organization"},"alternateName":"Protape - ta\u015bmy z nadrukiem","potentialAction":[{"@type":"SearchAction","target":{"@type":"EntryPoint","urlTemplate":"https:\/\/protape.pl\/?s={search_term_string}"},"query-input":"required name=search_term_string"}],"inLanguage":"cs"},{"@type":"Organization","@id":"https:\/\/protape.pl\/#organization","name":"Protape - ta\u015bmy z nadrukiem","alternateName":"Twoje ta\u015bmy z nadrukiem - Protape","url":"https:\/\/protape.pl\/","logo":{"@type":"ImageObject","inLanguage":"cs","@id":"https:\/\/protape.pl\/#\/schema\/logo\/image\/","url":"https:\/\/protape.pl\/wp-content\/uploads\/2023\/02\/cropped-logo-protape-2.png","contentUrl":"https:\/\/protape.pl\/wp-content\/uploads\/2023\/02\/cropped-logo-protape-2.png","width":111,"height":36,"caption":"Protape - ta\u015bmy z nadrukiem"},"image":{"@id":"https:\/\/protape.pl\/#\/schema\/logo\/image\/"},"sameAs":["https:\/\/www.facebook.com\/protape.tasmy\/","https:\/\/www.youtube.com\/@protape_pl","https:\/\/www.tiktok.com\/@protape_pl","https:\/\/www.instagram.com\/protape.tasmy\/"]},{"@type":"Person","@id":"https:\/\/protape.pl\/#\/schema\/person\/1bdcc190ac7cbff529df8ac05860a819","name":"Redakcja","image":{"@type":"ImageObject","inLanguage":"cs","@id":"https:\/\/protape.pl\/#\/schema\/person\/image\/","url":"https:\/\/secure.gravatar.com\/avatar\/56ca21bac30118a57ca58e26a410f62d449a4d6f6f6f6e5fef6abb687e228ad5?s=96&d=mm&r=g","contentUrl":"https:\/\/secure.gravatar.com\/avatar\/56ca21bac30118a57ca58e26a410f62d449a4d6f6f6f6e5fef6abb687e228ad5?s=96&d=mm&r=g","caption":"Redakcja"},"url":"https:\/\/protape.pl\/cs\/author\/admin\/"}]}},"_links":{"self":[{"href":"https:\/\/protape.pl\/cs\/wp-json\/wp\/v2\/posts\/2946","targetHints":{"allow":["GET"]}}],"collection":[{"href":"https:\/\/protape.pl\/cs\/wp-json\/wp\/v2\/posts"}],"about":[{"href":"https:\/\/protape.pl\/cs\/wp-json\/wp\/v2\/types\/post"}],"author":[{"embeddable":true,"href":"https:\/\/protape.pl\/cs\/wp-json\/wp\/v2\/users\/4"}],"replies":[{"embeddable":true,"href":"https:\/\/protape.pl\/cs\/wp-json\/wp\/v2\/comments?post=2946"}],"version-history":[{"count":3,"href":"https:\/\/protape.pl\/cs\/wp-json\/wp\/v2\/posts\/2946\/revisions"}],"predecessor-version":[{"id":2982,"href":"https:\/\/protape.pl\/cs\/wp-json\/wp\/v2\/posts\/2946\/revisions\/2982"}],"wp:featuredmedia":[{"embeddable":true,"href":"https:\/\/protape.pl\/cs\/wp-json\/wp\/v2\/media\/2949"}],"wp:attachment":[{"href":"https:\/\/protape.pl\/cs\/wp-json\/wp\/v2\/media?parent=2946"}],"wp:term":[{"taxonomy":"category","embeddable":true,"href":"https:\/\/protape.pl\/cs\/wp-json\/wp\/v2\/categories?post=2946"},{"taxonomy":"post_tag","embeddable":true,"href":"https:\/\/protape.pl\/cs\/wp-json\/wp\/v2\/tags?post=2946"}],"curies":[{"name":"wp","href":"https:\/\/api.w.org\/{rel}","templated":true}]}}