{"id":2578,"date":"2024-03-20T15:03:26","date_gmt":"2024-03-20T14:03:26","guid":{"rendered":"https:\/\/protape.pl\/?p=2578"},"modified":"2024-12-21T20:00:09","modified_gmt":"2024-12-21T19:00:09","slug":"jak-wyglada-tasma-po-roku-przechowywania","status":"publish","type":"post","link":"https:\/\/protape.pl\/cs\/tipy-na-pasky\/jak-paska-vypada-po-roce-skladovani\/","title":{"rendered":"Jak vypad\u00e1 p\u00e1ska po roce skladov\u00e1n\u00ed?"},"content":{"rendered":"<p>Skladov\u00e1n\u00ed obalov\u00fdch p\u00e1sek, zejm\u00e9na poti\u0161t\u011bn\u00fdch, vy\u017eaduje zvl\u00e1\u0161tn\u00ed p\u00e9\u010di, aby byla zachov\u00e1na jejich kvalita a funk\u010dnost. Po roce skladov\u00e1n\u00ed mohou stav p\u00e1sek ovlivnit r\u016fzn\u00e9 faktory, od fyzick\u00fdch zm\u011bn a\u017e po ztr\u00e1tu lepic\u00edch vlastnost\u00ed.<\/p>\n<h3>Vizu\u00e1ln\u00ed zm\u011bny<\/h3>\n<p>Po roce skladov\u00e1n\u00ed mohou obalov\u00e9 p\u00e1sky vykazovat vizu\u00e1ln\u00ed zm\u011bny, jako je vyblednut\u00ed barvy nebo tisku. To je patrn\u00e9 zejm\u00e9na u p\u00e1sek skladovan\u00fdch na m\u00edstech vystaven\u00fdch slune\u010dn\u00edmu z\u00e1\u0159en\u00ed nebo p\u0159i r\u016fzn\u00fdch teplot\u00e1ch. Blednut\u00ed m\u016f\u017ee ovlivnit \u010ditelnost potisk\u016f, jako jsou loga nebo informace o v\u00fdrobku, co\u017e m\u016f\u017ee sn\u00ed\u017eit jejich marketingovou hodnotu.<\/p>\n<h3>Ztr\u00e1ta adhezn\u00edch vlastnost\u00ed<\/h3>\n<p>Lepidlo na obalov\u00fdch p\u00e1sk\u00e1ch m\u016f\u017ee \u010dasem ztratit sv\u00e9 vlastnosti. Faktory, jako je teplota, vlhkost a kvalita samotn\u00e9ho lepidla, maj\u00ed v\u00fdznamn\u00fd vliv na to, jak dob\u0159e bude p\u00e1ska po del\u0161\u00ed dob\u011b skladov\u00e1n\u00ed dr\u017eet. Zejm\u00e9na <a href=\"https:\/\/protape.pl\/cs\/potistene-papirove-pasky\/\">poti\u0161t\u011bn\u00e1 pap\u00edrov\u00e1 p\u00e1ska<\/a>, kter\u00fd je \u010dasto volen pro svou ekologickou \u0161etrnost, vy\u017eaduje vhodn\u00e9 skladovac\u00ed podm\u00ednky, aby si zachoval sv\u00e9 adhezn\u00ed vlastnosti a estetiku tisku.<\/p>\n<h3>Fyzick\u00e9 zm\u011bny<\/h3>\n<p>M\u016f\u017ee se tak\u00e9 zm\u011bnit materi\u00e1l, ze kter\u00e9ho je p\u00e1ska vyrobena. P\u00e1sky vyroben\u00e9 z m\u00e9n\u011b odoln\u00fdch materi\u00e1l\u016f mohou b\u00fdt k\u0159ehk\u00e9 a snadn\u011bji se trhat. P\u00e1sky vyroben\u00e9 z kvalitn\u011bj\u0161\u00edch materi\u00e1l\u016f, jako je PVC nebo vysoce kvalitn\u00ed polypropylen, si d\u00e9le zachov\u00e1vaj\u00ed sv\u00e9 fyzik\u00e1ln\u00ed vlastnosti. I p\u00e1sky vyroben\u00e9 z nejkvalitn\u011bj\u0161\u00edch materi\u00e1l\u016f v\u0161ak mohou p\u0159i dlouhodob\u00e9m skladov\u00e1n\u00ed vy\u017eadovat pravideln\u00e9 kontroly kvality.<\/p>\n<h3>Vliv skladovac\u00edch podm\u00ednek<\/h3>\n<p>Kl\u00ed\u010dovou roli pro zachov\u00e1n\u00ed kvality p\u00e1sk\u016f hraj\u00ed podm\u00ednky, ve kter\u00fdch jsou skladov\u00e1ny. Ide\u00e1ln\u00ed podm\u00ednky jsou stabiln\u00ed teplota, n\u00edzk\u00e1 vlhkost a \u017e\u00e1dn\u00e9 p\u0159\u00edm\u00e9 slune\u010dn\u00ed sv\u011btlo. P\u00e1sky skladovan\u00e9 v nevhodn\u00fdch podm\u00ednk\u00e1ch mohou nejen ztratit sv\u00e9 lepic\u00ed vlastnosti, ale tak\u00e9 vykazovat sn\u00ed\u017eenou mechanickou pevnost, co\u017e ovliv\u0148uje jejich \u00fa\u010dinnost p\u0159i zabezpe\u010den\u00ed z\u00e1silek.<\/p>\n<h3>Jak vypad\u00e1 p\u00e1ska po ur\u010dit\u00e9 dob\u011b?<\/h3>\n<h4>1. Vizu\u00e1ln\u00ed zm\u011bny<\/h4>\n<p>Po jednom roce skladov\u00e1n\u00ed m\u016f\u017ee obalov\u00e1 p\u00e1ska vykazovat ur\u010dit\u00e9 vizu\u00e1ln\u00ed zm\u011bny. To se m\u016f\u017ee projevit jako m\u00edrn\u00e1 zm\u011bna barvy, zejm\u00e9na pokud byla p\u00e1ska vystavena slune\u010dn\u00edmu z\u00e1\u0159en\u00ed. <a href=\"https:\/\/protape.pl\/cs\/\">V\u00fdrobce poti\u0161t\u011bn\u00fdch p\u00e1sek<\/a> zaji\u0161t\u011bn\u00ed vysok\u00e9 kvality by m\u011blo minimalizovat blednut\u00ed, ale v extr\u00e9mn\u00edch podm\u00ednk\u00e1ch mohou v\u00fdtisky ztratit jasnost, co\u017e ovlivn\u00ed jejich estetiku a marketingovou funk\u010dnost.<\/p>\n<h4>2. adhezn\u00ed vlastnosti<\/h4>\n<p>Lepic\u00ed vlastnosti p\u00e1sky se mohou m\u011bnit v z\u00e1vislosti na podm\u00ednk\u00e1ch skladov\u00e1n\u00ed. Za ide\u00e1ln\u00edch podm\u00ednek, p\u0159i pokojov\u00e9 teplot\u011b a mimo dosah p\u0159\u00edm\u00e9ho slune\u010dn\u00edho sv\u011btla, by si p\u00e1ska m\u011bla zachovat sv\u00e9 lepic\u00ed vlastnosti. V extr\u00e9mn\u00edch podm\u00ednk\u00e1ch, jako je vysok\u00e1 vlhkost nebo extr\u00e9mn\u00ed teploty, v\u0161ak m\u016f\u017ee doj\u00edt ke sn\u00ed\u017een\u00ed \u00fa\u010dinnosti lepidla, co\u017e ovlivn\u00ed schopnost p\u00e1sky dostate\u010dn\u011b zabezpe\u010dit z\u00e1silky.<\/p>\n<h4>3. Flexibilita a robustnost<\/h4>\n<p>Pru\u017enost a pevnost p\u00e1sky m\u016f\u017ee b\u00fdt tak\u00e9 ovlivn\u011bna. P\u00e1sky skladovan\u00e9 v nevhodn\u00fdch podm\u00ednk\u00e1ch mohou b\u00fdt k\u0159ehk\u00e9 a sn\u00e1ze podl\u00e9hat nata\u017een\u00ed nebo roztr\u017een\u00ed. V\u00fdrobky renomovan\u00fdch v\u00fdrobc\u016f jsou ur\u010deny k dlouhodob\u00e9mu pou\u017e\u00edv\u00e1n\u00ed, ale jejich skladov\u00e1n\u00ed v nevhodn\u00fdch podm\u00ednk\u00e1ch m\u016f\u017ee v\u00fdrazn\u011b sn\u00ed\u017eit jejich v\u00fdkonnost.<\/p>\n<h4>4 Skladov\u00e1n\u00ed a optim\u00e1ln\u00ed podm\u00ednky<\/h4>\n<p>Aby si obalov\u00e1 p\u00e1ska zachovala sv\u00e9 vlastnosti i po roce skladov\u00e1n\u00ed, je d\u016fle\u017eit\u00e9, aby byla skladov\u00e1na za optim\u00e1ln\u00edch podm\u00ednek. To znamen\u00e1 vyhnout se extr\u00e9mn\u00edm teplot\u00e1m, p\u0159\u00edm\u00e9mu slune\u010dn\u00edmu z\u00e1\u0159en\u00ed a vlhkosti. Ide\u00e1ln\u00ed podm\u00ednky jsou such\u00e9, chladn\u00e9 m\u00edsto mimo dosah p\u0159\u00edm\u00fdch zdroj\u016f tepla. Doporu\u010duje se pou\u017e\u00edvat vape od v\u00fdrobc\u016f, kte\u0159\u00ed poskytuj\u00ed p\u0159esn\u00e9 pokyny pro skladov\u00e1n\u00ed sv\u00fdch v\u00fdrobk\u016f, co\u017e v\u00e1m umo\u017en\u00ed z\u00edskat z nich maximum.<\/p>\n<h2><strong>Z\u00e1v\u011bry<\/strong><\/h2>\n<p><a href=\"https:\/\/protape.pl\/cs\/\">Balic\u00ed p\u00e1ska<\/a>i po roce skladov\u00e1n\u00ed m\u016f\u017ee b\u00fdt st\u00e1le pou\u017eiteln\u00fd, pokud byl skladov\u00e1n ve vhodn\u00fdch podm\u00ednk\u00e1ch. P\u0159ed pou\u017eit\u00edm je d\u016fle\u017eit\u00e9 zkontrolovat jeho stav, zejm\u00e9na pokud jej pl\u00e1nujete pou\u017e\u00edt pro d\u016fle\u017eit\u00e9 z\u00e1silky.<\/p>","protected":false},"excerpt":{"rendered":"<p>Skladov\u00e1n\u00ed obalov\u00fdch p\u00e1sek, zejm\u00e9na poti\u0161t\u011bn\u00fdch, vy\u017eaduje zvl\u00e1\u0161tn\u00ed p\u00e9\u010di, aby byla zachov\u00e1na jejich kvalita a funk\u010dnost. Po roce skladov\u00e1n\u00ed mohou stav p\u00e1sek ovlivnit r\u016fzn\u00e9 faktory, od fyzick\u00fdch zm\u011bn a\u017e po ztr\u00e1tu lepic\u00edch vlastnost\u00ed. Vizu\u00e1ln\u00ed zm\u011bny Po roce skladov\u00e1n\u00ed mohou obalov\u00e9 p\u00e1sky vykazovat vizu\u00e1ln\u00ed zm\u011bny, jako je vyblednut\u00ed barvy nebo tisku. To je patrn\u00e9 zejm\u00e9na u...<\/p>","protected":false},"author":4,"featured_media":2580,"comment_status":"open","ping_status":"open","sticky":false,"template":"","format":"standard","meta":{"_acf_changed":false,"inline_featured_image":false,"_kadence_starter_templates_imported_post":false,"_kad_post_transparent":"default","_kad_post_title":"default","_kad_post_layout":"default","_kad_post_sidebar_id":"","_kad_post_content_style":"default","_kad_post_vertical_padding":"default","_kad_post_feature":"","_kad_post_feature_position":"","_kad_post_header":false,"_kad_post_footer":false,"footnotes":""},"categories":[20],"tags":[53,37,42,41,38,56,43,54],"class_list":["post-2578","post","type-post","status-publish","format-standard","has-post-thumbnail","hentry","category-tasmy-porady","tag-personalizowane-tasmy","tag-tasmy-do-brandingu","tag-tasmy-do-identyfikacji-wizualnej","tag-tasmy-do-marketingu","tag-tasmy-do-opakowan","tag-tasmy-do-opakowan-z-nadrukiem","tag-tasmy-do-oznaczania-produktow","tag-tasmy-do-pakowania-z-nadrukiem"],"acf":[],"yoast_head":"<!-- This site is optimized with the Yoast SEO Premium plugin v20.13 (Yoast SEO v20.13) - https:\/\/yoast.com\/wordpress\/plugins\/seo\/ -->\n<title>Jak wygl\u0105da ta\u015bma po roku przechowywania? - Protape - producent ta\u015bm z nadrukiem - logo - ta\u015bmy samoprzylepne - ta\u015bmy pakowe<\/title>\n<meta name=\"description\" content=\"Po roku przechowywania, r\u00f3\u017cne czynniki mog\u0105 wp\u0142yn\u0105\u0107 na stan ta\u015bm, od zmian fizycznych po utrat\u0119 w\u0142a\u015bciwo\u015bci klej\u0105cych.\" \/>\n<meta name=\"robots\" content=\"index, follow, max-snippet:-1, max-image-preview:large, max-video-preview:-1\" \/>\n<link rel=\"canonical\" href=\"https:\/\/protape.pl\/cs\/tipy-na-pasky\/jak-paska-vypada-po-roce-skladovani\/\" \/>\n<meta property=\"og:locale\" content=\"cs_CZ\" \/>\n<meta property=\"og:type\" content=\"article\" \/>\n<meta property=\"og:title\" content=\"Jak wygl\u0105da ta\u015bma po roku przechowywania? - Protape - producent ta\u015bm z nadrukiem - logo - ta\u015bmy samoprzylepne - ta\u015bmy pakowe\" \/>\n<meta property=\"og:description\" content=\"Po roku przechowywania, r\u00f3\u017cne czynniki mog\u0105 wp\u0142yn\u0105\u0107 na stan ta\u015bm, od zmian fizycznych po utrat\u0119 w\u0142a\u015bciwo\u015bci klej\u0105cych.\" \/>\n<meta property=\"og:url\" content=\"https:\/\/protape.pl\/cs\/tipy-na-pasky\/jak-paska-vypada-po-roce-skladovani\/\" \/>\n<meta property=\"og:site_name\" content=\"Protape - producent ta\u015bm z nadrukiem - logo - ta\u015bmy samoprzylepne - ta\u015bmy pakowe\" \/>\n<meta property=\"article:publisher\" content=\"https:\/\/www.facebook.com\/protape.tasmy\/\" \/>\n<meta property=\"article:published_time\" content=\"2024-03-20T14:03:26+00:00\" \/>\n<meta property=\"article:modified_time\" content=\"2024-12-21T19:00:09+00:00\" \/>\n<meta property=\"og:image\" content=\"https:\/\/protape.pl\/wp-content\/uploads\/2024\/03\/przechowywanie-tasmy-pakowej.webp\" \/>\n\t<meta property=\"og:image:width\" content=\"554\" \/>\n\t<meta property=\"og:image:height\" content=\"370\" \/>\n\t<meta property=\"og:image:type\" content=\"image\/webp\" \/>\n<meta name=\"author\" content=\"Redakcja\" \/>\n<meta name=\"twitter:card\" content=\"summary_large_image\" \/>\n<meta name=\"twitter:label1\" content=\"Napsal(a)\" \/>\n\t<meta name=\"twitter:data1\" content=\"Redakcja\" \/>\n\t<meta name=\"twitter:label2\" content=\"Odhadovan\u00e1 doba \u010dten\u00ed\" \/>\n\t<meta name=\"twitter:data2\" content=\"3 minuty\" \/>\n<script type=\"application\/ld+json\" class=\"yoast-schema-graph\">{\"@context\":\"https:\/\/schema.org\",\"@graph\":[{\"@type\":\"Article\",\"@id\":\"https:\/\/protape.pl\/tasmy-porady\/jak-wyglada-tasma-po-roku-przechowywania\/#article\",\"isPartOf\":{\"@id\":\"https:\/\/protape.pl\/tasmy-porady\/jak-wyglada-tasma-po-roku-przechowywania\/\"},\"author\":{\"name\":\"Redakcja\",\"@id\":\"https:\/\/protape.pl\/#\/schema\/person\/1bdcc190ac7cbff529df8ac05860a819\"},\"headline\":\"Jak wygl\u0105da ta\u015bma po roku przechowywania?\",\"datePublished\":\"2024-03-20T14:03:26+00:00\",\"dateModified\":\"2024-12-21T19:00:09+00:00\",\"mainEntityOfPage\":{\"@id\":\"https:\/\/protape.pl\/tasmy-porady\/jak-wyglada-tasma-po-roku-przechowywania\/\"},\"wordCount\":714,\"commentCount\":0,\"publisher\":{\"@id\":\"https:\/\/protape.pl\/#organization\"},\"keywords\":[\"Personalizowane ta\u015bmy\",\"Ta\u015bmy do brandingu\",\"Ta\u015bmy do identyfikacji wizualnej\",\"Ta\u015bmy do marketingu\",\"Ta\u015bmy do opakowa\u0144\",\"Ta\u015bmy do opakowa\u0144 z nadrukiem\",\"Ta\u015bmy do oznaczania produkt\u00f3w\",\"Ta\u015bmy do pakowania z nadrukiem\"],\"articleSection\":[\"Porady\"],\"inLanguage\":\"cs\",\"potentialAction\":[{\"@type\":\"CommentAction\",\"name\":\"Comment\",\"target\":[\"https:\/\/protape.pl\/tasmy-porady\/jak-wyglada-tasma-po-roku-przechowywania\/#respond\"]}]},{\"@type\":\"WebPage\",\"@id\":\"https:\/\/protape.pl\/tasmy-porady\/jak-wyglada-tasma-po-roku-przechowywania\/\",\"url\":\"https:\/\/protape.pl\/tasmy-porady\/jak-wyglada-tasma-po-roku-przechowywania\/\",\"name\":\"Jak wygl\u0105da ta\u015bma po roku przechowywania? - Protape - producent ta\u015bm z nadrukiem - logo - ta\u015bmy samoprzylepne - ta\u015bmy pakowe\",\"isPartOf\":{\"@id\":\"https:\/\/protape.pl\/#website\"},\"datePublished\":\"2024-03-20T14:03:26+00:00\",\"dateModified\":\"2024-12-21T19:00:09+00:00\",\"description\":\"Po roku przechowywania, r\u00f3\u017cne czynniki mog\u0105 wp\u0142yn\u0105\u0107 na stan ta\u015bm, od zmian fizycznych po utrat\u0119 w\u0142a\u015bciwo\u015bci klej\u0105cych.\",\"inLanguage\":\"cs\",\"potentialAction\":[{\"@type\":\"ReadAction\",\"target\":[\"https:\/\/protape.pl\/tasmy-porady\/jak-wyglada-tasma-po-roku-przechowywania\/\"]}]},{\"@type\":\"WebSite\",\"@id\":\"https:\/\/protape.pl\/#website\",\"url\":\"https:\/\/protape.pl\/\",\"name\":\"Protape - producent ta\u015bm z nadrukiem - logo - ta\u015bmy samoprzylepne - ta\u015bmy pakowe\",\"description\":\"Najlepsze ta\u015bmy pakowe z nadrukiem\",\"publisher\":{\"@id\":\"https:\/\/protape.pl\/#organization\"},\"alternateName\":\"Protape - ta\u015bmy z nadrukiem\",\"potentialAction\":[{\"@type\":\"SearchAction\",\"target\":{\"@type\":\"EntryPoint\",\"urlTemplate\":\"https:\/\/protape.pl\/?s={search_term_string}\"},\"query-input\":\"required name=search_term_string\"}],\"inLanguage\":\"cs\"},{\"@type\":\"Organization\",\"@id\":\"https:\/\/protape.pl\/#organization\",\"name\":\"Protape - ta\u015bmy z nadrukiem\",\"alternateName\":\"Twoje ta\u015bmy z nadrukiem - Protape\",\"url\":\"https:\/\/protape.pl\/\",\"logo\":{\"@type\":\"ImageObject\",\"inLanguage\":\"cs\",\"@id\":\"https:\/\/protape.pl\/#\/schema\/logo\/image\/\",\"url\":\"https:\/\/protape.pl\/wp-content\/uploads\/2023\/02\/cropped-logo-protape-2.png\",\"contentUrl\":\"https:\/\/protape.pl\/wp-content\/uploads\/2023\/02\/cropped-logo-protape-2.png\",\"width\":111,\"height\":36,\"caption\":\"Protape - ta\u015bmy z nadrukiem\"},\"image\":{\"@id\":\"https:\/\/protape.pl\/#\/schema\/logo\/image\/\"},\"sameAs\":[\"https:\/\/www.facebook.com\/protape.tasmy\/\",\"https:\/\/www.youtube.com\/@protape_pl\",\"https:\/\/www.tiktok.com\/@protape_pl\",\"https:\/\/www.instagram.com\/protape.tasmy\/\"]},{\"@type\":\"Person\",\"@id\":\"https:\/\/protape.pl\/#\/schema\/person\/1bdcc190ac7cbff529df8ac05860a819\",\"name\":\"Redakcja\",\"image\":{\"@type\":\"ImageObject\",\"inLanguage\":\"cs\",\"@id\":\"https:\/\/protape.pl\/#\/schema\/person\/image\/\",\"url\":\"https:\/\/secure.gravatar.com\/avatar\/56ca21bac30118a57ca58e26a410f62d449a4d6f6f6f6e5fef6abb687e228ad5?s=96&d=mm&r=g\",\"contentUrl\":\"https:\/\/secure.gravatar.com\/avatar\/56ca21bac30118a57ca58e26a410f62d449a4d6f6f6f6e5fef6abb687e228ad5?s=96&d=mm&r=g\",\"caption\":\"Redakcja\"},\"url\":\"https:\/\/protape.pl\/cs\/author\/admin\/\"}]}<\/script>\n<!-- \/ Yoast SEO Premium plugin. -->","yoast_head_json":{"title":"Jak wygl\u0105da ta\u015bma po roku przechowywania? - Protape - producent ta\u015bm z nadrukiem - logo - ta\u015bmy samoprzylepne - ta\u015bmy pakowe","description":"Po roku przechowywania, r\u00f3\u017cne czynniki mog\u0105 wp\u0142yn\u0105\u0107 na stan ta\u015bm, od zmian fizycznych po utrat\u0119 w\u0142a\u015bciwo\u015bci klej\u0105cych.","robots":{"index":"index","follow":"follow","max-snippet":"max-snippet:-1","max-image-preview":"max-image-preview:large","max-video-preview":"max-video-preview:-1"},"canonical":"https:\/\/protape.pl\/cs\/tipy-na-pasky\/jak-paska-vypada-po-roce-skladovani\/","og_locale":"cs_CZ","og_type":"article","og_title":"Jak wygl\u0105da ta\u015bma po roku przechowywania? - Protape - producent ta\u015bm z nadrukiem - logo - ta\u015bmy samoprzylepne - ta\u015bmy pakowe","og_description":"Po roku przechowywania, r\u00f3\u017cne czynniki mog\u0105 wp\u0142yn\u0105\u0107 na stan ta\u015bm, od zmian fizycznych po utrat\u0119 w\u0142a\u015bciwo\u015bci klej\u0105cych.","og_url":"https:\/\/protape.pl\/cs\/tipy-na-pasky\/jak-paska-vypada-po-roce-skladovani\/","og_site_name":"Protape - producent ta\u015bm z nadrukiem - logo - ta\u015bmy samoprzylepne - ta\u015bmy pakowe","article_publisher":"https:\/\/www.facebook.com\/protape.tasmy\/","article_published_time":"2024-03-20T14:03:26+00:00","article_modified_time":"2024-12-21T19:00:09+00:00","og_image":[{"width":554,"height":370,"url":"https:\/\/protape.pl\/wp-content\/uploads\/2024\/03\/przechowywanie-tasmy-pakowej.webp","type":"image\/webp"}],"author":"Redakcja","twitter_card":"summary_large_image","twitter_misc":{"Napsal(a)":"Redakcja","Odhadovan\u00e1 doba \u010dten\u00ed":"3 minuty"},"schema":{"@context":"https:\/\/schema.org","@graph":[{"@type":"Article","@id":"https:\/\/protape.pl\/tasmy-porady\/jak-wyglada-tasma-po-roku-przechowywania\/#article","isPartOf":{"@id":"https:\/\/protape.pl\/tasmy-porady\/jak-wyglada-tasma-po-roku-przechowywania\/"},"author":{"name":"Redakcja","@id":"https:\/\/protape.pl\/#\/schema\/person\/1bdcc190ac7cbff529df8ac05860a819"},"headline":"Jak wygl\u0105da ta\u015bma po roku przechowywania?","datePublished":"2024-03-20T14:03:26+00:00","dateModified":"2024-12-21T19:00:09+00:00","mainEntityOfPage":{"@id":"https:\/\/protape.pl\/tasmy-porady\/jak-wyglada-tasma-po-roku-przechowywania\/"},"wordCount":714,"commentCount":0,"publisher":{"@id":"https:\/\/protape.pl\/#organization"},"keywords":["Personalizowane ta\u015bmy","Ta\u015bmy do brandingu","Ta\u015bmy do identyfikacji wizualnej","Ta\u015bmy do marketingu","Ta\u015bmy do opakowa\u0144","Ta\u015bmy do opakowa\u0144 z nadrukiem","Ta\u015bmy do oznaczania produkt\u00f3w","Ta\u015bmy do pakowania z nadrukiem"],"articleSection":["Porady"],"inLanguage":"cs","potentialAction":[{"@type":"CommentAction","name":"Comment","target":["https:\/\/protape.pl\/tasmy-porady\/jak-wyglada-tasma-po-roku-przechowywania\/#respond"]}]},{"@type":"WebPage","@id":"https:\/\/protape.pl\/tasmy-porady\/jak-wyglada-tasma-po-roku-przechowywania\/","url":"https:\/\/protape.pl\/tasmy-porady\/jak-wyglada-tasma-po-roku-przechowywania\/","name":"Jak wygl\u0105da ta\u015bma po roku przechowywania? - Protape - producent ta\u015bm z nadrukiem - logo - ta\u015bmy samoprzylepne - ta\u015bmy pakowe","isPartOf":{"@id":"https:\/\/protape.pl\/#website"},"datePublished":"2024-03-20T14:03:26+00:00","dateModified":"2024-12-21T19:00:09+00:00","description":"Po roku przechowywania, r\u00f3\u017cne czynniki mog\u0105 wp\u0142yn\u0105\u0107 na stan ta\u015bm, od zmian fizycznych po utrat\u0119 w\u0142a\u015bciwo\u015bci klej\u0105cych.","inLanguage":"cs","potentialAction":[{"@type":"ReadAction","target":["https:\/\/protape.pl\/tasmy-porady\/jak-wyglada-tasma-po-roku-przechowywania\/"]}]},{"@type":"WebSite","@id":"https:\/\/protape.pl\/#website","url":"https:\/\/protape.pl\/","name":"Protape - producent ta\u015bm z nadrukiem - logo - ta\u015bmy samoprzylepne - ta\u015bmy pakowe","description":"Najlepsze ta\u015bmy pakowe z nadrukiem","publisher":{"@id":"https:\/\/protape.pl\/#organization"},"alternateName":"Protape - ta\u015bmy z nadrukiem","potentialAction":[{"@type":"SearchAction","target":{"@type":"EntryPoint","urlTemplate":"https:\/\/protape.pl\/?s={search_term_string}"},"query-input":"required name=search_term_string"}],"inLanguage":"cs"},{"@type":"Organization","@id":"https:\/\/protape.pl\/#organization","name":"Protape - ta\u015bmy z nadrukiem","alternateName":"Twoje ta\u015bmy z nadrukiem - Protape","url":"https:\/\/protape.pl\/","logo":{"@type":"ImageObject","inLanguage":"cs","@id":"https:\/\/protape.pl\/#\/schema\/logo\/image\/","url":"https:\/\/protape.pl\/wp-content\/uploads\/2023\/02\/cropped-logo-protape-2.png","contentUrl":"https:\/\/protape.pl\/wp-content\/uploads\/2023\/02\/cropped-logo-protape-2.png","width":111,"height":36,"caption":"Protape - ta\u015bmy z nadrukiem"},"image":{"@id":"https:\/\/protape.pl\/#\/schema\/logo\/image\/"},"sameAs":["https:\/\/www.facebook.com\/protape.tasmy\/","https:\/\/www.youtube.com\/@protape_pl","https:\/\/www.tiktok.com\/@protape_pl","https:\/\/www.instagram.com\/protape.tasmy\/"]},{"@type":"Person","@id":"https:\/\/protape.pl\/#\/schema\/person\/1bdcc190ac7cbff529df8ac05860a819","name":"Redakcja","image":{"@type":"ImageObject","inLanguage":"cs","@id":"https:\/\/protape.pl\/#\/schema\/person\/image\/","url":"https:\/\/secure.gravatar.com\/avatar\/56ca21bac30118a57ca58e26a410f62d449a4d6f6f6f6e5fef6abb687e228ad5?s=96&d=mm&r=g","contentUrl":"https:\/\/secure.gravatar.com\/avatar\/56ca21bac30118a57ca58e26a410f62d449a4d6f6f6f6e5fef6abb687e228ad5?s=96&d=mm&r=g","caption":"Redakcja"},"url":"https:\/\/protape.pl\/cs\/author\/admin\/"}]}},"_links":{"self":[{"href":"https:\/\/protape.pl\/cs\/wp-json\/wp\/v2\/posts\/2578","targetHints":{"allow":["GET"]}}],"collection":[{"href":"https:\/\/protape.pl\/cs\/wp-json\/wp\/v2\/posts"}],"about":[{"href":"https:\/\/protape.pl\/cs\/wp-json\/wp\/v2\/types\/post"}],"author":[{"embeddable":true,"href":"https:\/\/protape.pl\/cs\/wp-json\/wp\/v2\/users\/4"}],"replies":[{"embeddable":true,"href":"https:\/\/protape.pl\/cs\/wp-json\/wp\/v2\/comments?post=2578"}],"version-history":[{"count":4,"href":"https:\/\/protape.pl\/cs\/wp-json\/wp\/v2\/posts\/2578\/revisions"}],"predecessor-version":[{"id":3056,"href":"https:\/\/protape.pl\/cs\/wp-json\/wp\/v2\/posts\/2578\/revisions\/3056"}],"wp:featuredmedia":[{"embeddable":true,"href":"https:\/\/protape.pl\/cs\/wp-json\/wp\/v2\/media\/2580"}],"wp:attachment":[{"href":"https:\/\/protape.pl\/cs\/wp-json\/wp\/v2\/media?parent=2578"}],"wp:term":[{"taxonomy":"category","embeddable":true,"href":"https:\/\/protape.pl\/cs\/wp-json\/wp\/v2\/categories?post=2578"},{"taxonomy":"post_tag","embeddable":true,"href":"https:\/\/protape.pl\/cs\/wp-json\/wp\/v2\/tags?post=2578"}],"curies":[{"name":"wp","href":"https:\/\/api.w.org\/{rel}","templated":true}]}}